{"id":5511,"date":"2017-04-28T15:18:53","date_gmt":"2017-04-28T13:18:53","guid":{"rendered":"http:\/\/gim4.tgory.pl\/web\/?p=5511"},"modified":"2019-12-31T04:52:28","modified_gmt":"2019-12-31T03:52:28","slug":"poezja-i-julia","status":"publish","type":"post","link":"https:\/\/sp8tg.pl\/web\/poezja-i-julia\/","title":{"rendered":"Poezja i Julia"},"content":{"rendered":"<p>Znowu g\u0142o\u015bno o <strong><span style=\"color: #ff0000;\">Julii Klycie z klasy IIa<\/span> <\/strong>&#8211; tym razem wzi\u0119\u0142a w <strong>XXXIII Mi\u0119dzynarodowym Konkursie Literackiej Tw\u00f3rczo\u015bci Dzieci i M\u0142odzie\u017cy im. Wandy Chotomskiej<\/strong>. Na konkurs nades\u0142ano <strong>8390 <\/strong>zestaw\u00f3w wierszy, opowiada\u0144 i pr\u00f3b dramatycznych z <strong>508 &nbsp;<\/strong>szk\u00f3\u0142 podstawowych,&nbsp;gimnazj\u00f3w i&nbsp;ponadgimnazjalnych z&nbsp;ca\u0142ej Polski , Stan\u00f3w Zjednoczonych, Niemiec, Litwy, Czech i Ukrainy. Nagrodzone utwory literackie zostan\u0105 opublikowane w 26. ju\u017c ksi\u0105\u017cce pokonkursowej <strong>\u201eDo \u015bwiata dziecka wchodzi si\u0119 boso\u201d <\/strong>i&nbsp;b\u0119d\u0105 wr\u0119czone m\u0142odym literatom podczas uroczystej gali <strong>22 maja 2017 r. w Polskiej Filharmonii Sinfonia Baltica w S\u0142upsku. <\/strong><\/p>\n<p>Jury uznaj\u0105c za zasadnicze kryteria: oryginalno\u015bci tekstu, literacko\u015bci pomys\u0142u i&nbsp;ujawnionego talentu autora, wy\u0142oni\u0142a <strong>126<\/strong> Laureat\u00f3w ze szk\u00f3\u0142 polskich i <strong>32 <\/strong>ze szk\u00f3\u0142 polonijnych , wyr\u00f3\u017cni\u0142a za\u015b <strong>&nbsp;279 uczni\u00f3w<\/strong> z naszego kraju i <strong>33 <\/strong>polonijnych &#8211;&nbsp; &nbsp;w czterech grupach wiekowych:<\/p>\n<ul>\n<li>klasy I \u2013 IV szko\u0142y podstawowej,<\/li>\n<li>klasy V \u2013 VI szko\u0142y podstawowej,<\/li>\n<li>klasy I \u2013 III gimnazjum,<\/li>\n<li>klasy I \u2013 III szk\u00f3\u0142 ponadgimnazjalnych<\/li>\n<\/ul>\n<p><strong>Julia otrzyma\u0142a wyr\u00f3\u017cnienie za wiersz pt<\/strong>.:<strong><span style=\"color: #ff0000;\">&nbsp;\u2329<\/span><\/strong> <span style=\"color: #ff0000;\"><strong>&#8222;W\u015br\u00f3d zawias\u00f3w&#8230;&#8221;\u232a<\/strong><\/span><\/p>\n<p>&nbsp;&nbsp;&nbsp;&nbsp;&nbsp; &nbsp; &nbsp; &nbsp; &nbsp; &nbsp; &nbsp; &nbsp; &nbsp; &nbsp; &nbsp; &nbsp; &nbsp; &nbsp; &nbsp; &nbsp; &nbsp; &nbsp; &nbsp; &nbsp; &nbsp; &nbsp; &nbsp; <img loading=\"lazy\" decoding=\"async\" class=\"alignnone size-medium wp-image-5273\" src=\"http:\/\/gim4.tgory.pl\/web\/wp-content\/uploads\/2017\/03\/DSC_1639-169x300.jpg\" alt=\"\" width=\"169\" height=\"300\" srcset=\"https:\/\/sp8tg.pl\/web\/wp-content\/uploads\/2017\/03\/DSC_1639-169x300.jpg 169w, https:\/\/sp8tg.pl\/web\/wp-content\/uploads\/2017\/03\/DSC_1639-768x1365.jpg 768w, https:\/\/sp8tg.pl\/web\/wp-content\/uploads\/2017\/03\/DSC_1639-576x1024.jpg 576w, https:\/\/sp8tg.pl\/web\/wp-content\/uploads\/2017\/03\/DSC_1639-1200x2133.jpg 1200w, https:\/\/sp8tg.pl\/web\/wp-content\/uploads\/2017\/03\/DSC_1639.jpg 1440w\" sizes=\"(max-width: 169px) 85vw, 169px\" \/> &nbsp;&nbsp; &nbsp;&nbsp;<\/p>\n<p><strong>&nbsp;&nbsp;&nbsp;&nbsp;&nbsp;&nbsp;&nbsp;&nbsp;&nbsp;&nbsp;&nbsp;&nbsp;&nbsp;&nbsp;&nbsp;&nbsp;&nbsp;&nbsp;&nbsp;&nbsp;&nbsp;&nbsp;&nbsp;&nbsp;&nbsp;&nbsp;&nbsp;&nbsp;&nbsp;&nbsp;&nbsp;&nbsp;&nbsp;&nbsp;&nbsp;&nbsp;&nbsp;&nbsp;&nbsp;&nbsp;&nbsp;&nbsp;&nbsp;&nbsp;&nbsp;&nbsp;&nbsp;&nbsp;&nbsp;&nbsp;&nbsp;&nbsp;&nbsp;&nbsp;&nbsp;&nbsp;&nbsp;&nbsp;&nbsp;&nbsp;&nbsp;&nbsp;&nbsp;&nbsp;&nbsp;&nbsp;&nbsp;&nbsp;&nbsp;&nbsp;&nbsp;&nbsp;&nbsp;&nbsp;&nbsp;&nbsp;&nbsp;&nbsp;&nbsp;&nbsp;&nbsp;&nbsp;&nbsp;&nbsp;&nbsp;&nbsp;&nbsp;&nbsp;&nbsp;&nbsp;&nbsp;&nbsp;&nbsp;&nbsp;&nbsp; Gratulujemy:)<\/strong><\/p>\n","protected":false},"excerpt":{"rendered":"<p>Znowu g\u0142o\u015bno o Julii Klycie z klasy IIa &#8211; tym razem wzi\u0119\u0142a w XXXIII Mi\u0119dzynarodowym Konkursie Literackiej Tw\u00f3rczo\u015bci Dzieci i M\u0142odzie\u017cy im. Wandy Chotomskiej. Na konkurs nades\u0142ano 8390 zestaw\u00f3w wierszy, opowiada\u0144 i pr\u00f3b dramatycznych z 508 &nbsp;szk\u00f3\u0142 podstawowych,&nbsp;gimnazj\u00f3w i&nbsp;ponadgimnazjalnych z&nbsp;ca\u0142ej Polski , Stan\u00f3w Zjednoczonych, Niemiec, Litwy, Czech i Ukrainy. Nagrodzone utwory literackie zostan\u0105 opublikowane w &hellip; <a href=\"https:\/\/sp8tg.pl\/web\/poezja-i-julia\/\" class=\"more-link\">Czytaj dalej<span class=\"screen-reader-text\"> \u201ePoezja i Julia\u201d<\/span><\/a><\/p>\n","protected":false},"author":1,"featured_media":0,"comment_status":"closed","ping_status":"closed","sticky":false,"template":"","format":"standard","meta":{"ngg_post_thumbnail":0,"footnotes":""},"categories":[1],"tags":[],"_links":{"self":[{"href":"https:\/\/sp8tg.pl\/web\/wp-json\/wp\/v2\/posts\/5511"}],"collection":[{"href":"https:\/\/sp8tg.pl\/web\/wp-json\/wp\/v2\/posts"}],"about":[{"href":"https:\/\/sp8tg.pl\/web\/wp-json\/wp\/v2\/types\/post"}],"author":[{"embeddable":true,"href":"https:\/\/sp8tg.pl\/web\/wp-json\/wp\/v2\/users\/1"}],"replies":[{"embeddable":true,"href":"https:\/\/sp8tg.pl\/web\/wp-json\/wp\/v2\/comments?post=5511"}],"version-history":[{"count":2,"href":"https:\/\/sp8tg.pl\/web\/wp-json\/wp\/v2\/posts\/5511\/revisions"}],"predecessor-version":[{"id":12091,"href":"https:\/\/sp8tg.pl\/web\/wp-json\/wp\/v2\/posts\/5511\/revisions\/12091"}],"wp:attachment":[{"href":"https:\/\/sp8tg.pl\/web\/wp-json\/wp\/v2\/media?parent=5511"}],"wp:term":[{"taxonomy":"category","embeddable":true,"href":"https:\/\/sp8tg.pl\/web\/wp-json\/wp\/v2\/categories?post=5511"},{"taxonomy":"post_tag","embeddable":true,"href":"https:\/\/sp8tg.pl\/web\/wp-json\/wp\/v2\/tags?post=5511"}],"curies":[{"name":"wp","href":"https:\/\/api.w.org\/{rel}","templated":true}]}}