{"id":5500,"date":"2017-04-25T22:58:13","date_gmt":"2017-04-25T20:58:13","guid":{"rendered":"http:\/\/gim4.tgory.pl\/web\/?p=5500"},"modified":"2017-04-25T23:22:29","modified_gmt":"2017-04-25T21:22:29","slug":"nasi-uczniowie-zostali-laureatami-ogolnopolskiego-konkursu-filmowego-filmowe-odslony-historii","status":"publish","type":"post","link":"https:\/\/sp8tg.pl\/web\/nasi-uczniowie-zostali-laureatami-ogolnopolskiego-konkursu-filmowego-filmowe-odslony-historii\/","title":{"rendered":"Mamy laureat\u00f3w konkursu &#8222;Filmowe ods\u0142ony historii&#8221;"},"content":{"rendered":"<h6 style=\"margin-bottom: 12pt;\"><span style=\"color: #ff0000;\"><span style=\"color: #000000;\">NASI UCZNIOWIE LAUREATAMI OG\u00d3LNOPOLSKIEGO KONKURSU FILMOWEGO ,,FILMOWE ODS\u0141ONY HISTORII&#8221;<\/span><\/span><\/h6>\n<h6 style=\"margin-bottom: 12pt;\"><span style=\"color: #ff0000;\">Wiktoria Komora<\/span> i <span style=\"color: #ff0000;\">Julia Rogowska<\/span> &#8211; uczennice <span style=\"color: #ff0000;\">klasy IIa<\/span> oraz <span style=\"color: #ff0000;\">Krzysztof Ordo\u0144<\/span> ucze\u0144 klasy <span style=\"color: #ff0000;\">IIIa<span style=\"color: #000000;\">,<\/span>&nbsp;<\/span> zostali laureatami <span style=\"color: #ff0000;\">og\u00f3lnopolskiego konkursu plastycznego<\/span>, kt\u00f3rego inspiracj\u0105 by\u0142y filmy historyczne. <span style=\"color: #ff0000;\">Wiktoria<\/span> zaj\u0119\u0142a <span style=\"color: #ff0000;\">I miejsce<\/span> maluj\u0105c obraz inspirowany filmem ,,300&#8243;, <span style=\"color: #ff0000;\">Julia<\/span> zaj\u0119\u0142a <span style=\"color: #ff0000;\">II miejsce<\/span> obrazem ukazuj\u0105cym film ,,Gladiator&#8221;, a <span style=\"color: #ff0000;\">Krzysiu<\/span> zdoby\u0142 <span style=\"color: #ff0000;\">III miejsce<\/span> za wykonanie plakatu o filmie ,,300&#8243;. Uroczysto\u015b\u0107 wr\u0119czenia dyplom\u00f3w i nagr\u00f3d odby\u0142a si\u0119 dnia 25.04.2017 r. w Rybniku.<\/h6>\n<p>&nbsp;&nbsp;&nbsp;&nbsp;&nbsp;&nbsp;&nbsp;&nbsp;&nbsp;&nbsp;&nbsp;&nbsp;&nbsp;&nbsp;&nbsp; <img loading=\"lazy\" decoding=\"async\" class=\"alignnone size-medium wp-image-5503\" src=\"http:\/\/gim4.tgory.pl\/web\/wp-content\/uploads\/2017\/04\/DSCN2484-300x225.jpg\" alt=\"\" height=\"225\" width=\"300\" srcset=\"https:\/\/sp8tg.pl\/web\/wp-content\/uploads\/2017\/04\/DSCN2484-300x225.jpg 300w, https:\/\/sp8tg.pl\/web\/wp-content\/uploads\/2017\/04\/DSCN2484-768x576.jpg 768w, https:\/\/sp8tg.pl\/web\/wp-content\/uploads\/2017\/04\/DSCN2484-1024x768.jpg 1024w, https:\/\/sp8tg.pl\/web\/wp-content\/uploads\/2017\/04\/DSCN2484-1200x900.jpg 1200w\" sizes=\"(max-width: 300px) 85vw, 300px\" \/><\/p>\n<p>&nbsp;&nbsp;&nbsp;&nbsp;&nbsp;&nbsp;&nbsp;&nbsp;&nbsp;&nbsp;&nbsp;&nbsp;&nbsp;&nbsp;&nbsp;&nbsp;&nbsp;&nbsp;&nbsp;&nbsp;&nbsp;&nbsp;&nbsp;&nbsp;&nbsp;&nbsp;&nbsp;&nbsp;&nbsp;&nbsp;&nbsp;&nbsp;&nbsp;&nbsp;&nbsp;&nbsp;&nbsp;&nbsp;&nbsp;&nbsp;&nbsp; <img loading=\"lazy\" decoding=\"async\" class=\"alignnone size-medium wp-image-5504\" src=\"http:\/\/gim4.tgory.pl\/web\/wp-content\/uploads\/2017\/04\/mime-attachment-300x200.jpg\" alt=\"\" height=\"200\" width=\"300\" srcset=\"https:\/\/sp8tg.pl\/web\/wp-content\/uploads\/2017\/04\/mime-attachment-300x200.jpg 300w, https:\/\/sp8tg.pl\/web\/wp-content\/uploads\/2017\/04\/mime-attachment.jpg 485w\" sizes=\"(max-width: 300px) 85vw, 300px\" \/><\/p>\n<p><strong>&nbsp;&nbsp;&nbsp;&nbsp;&nbsp;&nbsp;&nbsp;&nbsp;&nbsp;&nbsp;&nbsp;&nbsp;&nbsp;&nbsp;&nbsp;&nbsp;&nbsp;&nbsp;&nbsp;&nbsp;&nbsp;&nbsp;&nbsp;&nbsp;&nbsp;&nbsp;&nbsp;&nbsp;&nbsp;&nbsp;&nbsp;&nbsp;&nbsp;&nbsp;&nbsp;&nbsp;&nbsp;&nbsp;&nbsp;&nbsp;&nbsp;&nbsp;&nbsp;&nbsp;&nbsp;&nbsp;&nbsp;&nbsp;&nbsp;&nbsp;&nbsp;&nbsp;&nbsp;&nbsp;&nbsp;&nbsp;&nbsp;&nbsp;&nbsp;&nbsp;&nbsp;&nbsp;&nbsp;&nbsp;&nbsp;&nbsp;&nbsp;&nbsp;&nbsp;&nbsp;&nbsp;&nbsp;&nbsp;&nbsp;&nbsp;&nbsp;&nbsp;&nbsp;&nbsp;&nbsp;&nbsp;&nbsp;&nbsp;&nbsp;&nbsp;&nbsp;&nbsp;&nbsp;&nbsp;&nbsp;&nbsp;&nbsp;&nbsp; Gratulujemy:)<\/strong><\/p>\n<p>&nbsp;<\/p>\n","protected":false},"excerpt":{"rendered":"<p>NASI UCZNIOWIE LAUREATAMI OG\u00d3LNOPOLSKIEGO KONKURSU FILMOWEGO ,,FILMOWE ODS\u0141ONY HISTORII&#8221; Wiktoria Komora i Julia Rogowska &#8211; uczennice klasy IIa oraz Krzysztof Ordo\u0144 ucze\u0144 klasy IIIa,&nbsp; zostali laureatami og\u00f3lnopolskiego konkursu plastycznego, kt\u00f3rego inspiracj\u0105 by\u0142y filmy historyczne. Wiktoria zaj\u0119\u0142a I miejsce maluj\u0105c obraz inspirowany filmem ,,300&#8243;, Julia zaj\u0119\u0142a II miejsce obrazem ukazuj\u0105cym film ,,Gladiator&#8221;, a Krzysiu zdoby\u0142 III &hellip; <a href=\"https:\/\/sp8tg.pl\/web\/nasi-uczniowie-zostali-laureatami-ogolnopolskiego-konkursu-filmowego-filmowe-odslony-historii\/\" class=\"more-link\">Czytaj dalej<span class=\"screen-reader-text\"> \u201eMamy laureat\u00f3w konkursu &#8222;Filmowe ods\u0142ony historii&#8221;\u201d<\/span><\/a><\/p>\n","protected":false},"author":1,"featured_media":0,"comment_status":"closed","ping_status":"closed","sticky":false,"template":"","format":"standard","meta":{"ngg_post_thumbnail":0,"footnotes":""},"categories":[1],"tags":[],"_links":{"self":[{"href":"https:\/\/sp8tg.pl\/web\/wp-json\/wp\/v2\/posts\/5500"}],"collection":[{"href":"https:\/\/sp8tg.pl\/web\/wp-json\/wp\/v2\/posts"}],"about":[{"href":"https:\/\/sp8tg.pl\/web\/wp-json\/wp\/v2\/types\/post"}],"author":[{"embeddable":true,"href":"https:\/\/sp8tg.pl\/web\/wp-json\/wp\/v2\/users\/1"}],"replies":[{"embeddable":true,"href":"https:\/\/sp8tg.pl\/web\/wp-json\/wp\/v2\/comments?post=5500"}],"version-history":[{"count":5,"href":"https:\/\/sp8tg.pl\/web\/wp-json\/wp\/v2\/posts\/5500\/revisions"}],"predecessor-version":[{"id":5502,"href":"https:\/\/sp8tg.pl\/web\/wp-json\/wp\/v2\/posts\/5500\/revisions\/5502"}],"wp:attachment":[{"href":"https:\/\/sp8tg.pl\/web\/wp-json\/wp\/v2\/media?parent=5500"}],"wp:term":[{"taxonomy":"category","embeddable":true,"href":"https:\/\/sp8tg.pl\/web\/wp-json\/wp\/v2\/categories?post=5500"},{"taxonomy":"post_tag","embeddable":true,"href":"https:\/\/sp8tg.pl\/web\/wp-json\/wp\/v2\/tags?post=5500"}],"curies":[{"name":"wp","href":"https:\/\/api.w.org\/{rel}","templated":true}]}}