{"id":5351,"date":"2017-04-11T15:24:11","date_gmt":"2017-04-11T13:24:11","guid":{"rendered":"http:\/\/gim4.tgory.pl\/web\/?p=5351"},"modified":"2017-04-11T15:24:11","modified_gmt":"2017-04-11T13:24:11","slug":"zaproszenie-na-spotkanie-jakiej-reprezentacji-potrzebuje-polska-mlodziez","status":"publish","type":"post","link":"https:\/\/sp8tg.pl\/web\/zaproszenie-na-spotkanie-jakiej-reprezentacji-potrzebuje-polska-mlodziez\/","title":{"rendered":"Zaproszenie na spotkanie: &#8222;Jakiej reprezentacji potrzebuje polska m\u0142odzie\u017c?&#8221;"},"content":{"rendered":"<p>&nbsp;<\/p>\n<p><strong><em>Cz\u0142onkowie Rady Dzieci i M\u0142odzie\u017cy Rzeczypospolitej Polskiej przy<\/em> Ministrze Edukacji Narodowej<\/strong> zaplanowali cykl 16 spotka\u0144 w miastach wojew\u00f3dzkich, w trakcie kt\u00f3rych postaraj\u0105 si\u0119 wsp\u00f3lnie z zaproszonymi go\u015b\u0107mi odpowiedzie\u0107 na pytanie: <strong><span style=\"color: #ff0000;\">\u201eJakiej reprezentacji potrzebuje polska m\u0142odzie\u017c?\u201d<\/span><\/strong>. Do udzia\u0142u w spotkaniu zapraszaj\u0105 wszystkich m\u0142odych ludzi, kt\u00f3rzy chcieliby podzieli\u0107 si\u0119 swoj\u0105 opini\u0105 w tej sprawie.<\/p>\n<p>Szczeg\u00f3\u0142owe informacje, w tym harmonogram i zasady zg\u0142oszenia ch\u0119ci udzia\u0142u w spotkaniach, znajduj\u0105 si\u0119 na stronie Rady Dzieci i M\u0142odzie\u017cy na Facebooku:&nbsp; <span style=\"color: #0000ff;\">https:\/\/www.facebook.com\/radamlodziezy\/<\/span><\/p>\n","protected":false},"excerpt":{"rendered":"<p>&nbsp; Cz\u0142onkowie Rady Dzieci i M\u0142odzie\u017cy Rzeczypospolitej Polskiej przy Ministrze Edukacji Narodowej zaplanowali cykl 16 spotka\u0144 w miastach wojew\u00f3dzkich, w trakcie kt\u00f3rych postaraj\u0105 si\u0119 wsp\u00f3lnie z zaproszonymi go\u015b\u0107mi odpowiedzie\u0107 na pytanie: \u201eJakiej reprezentacji potrzebuje polska m\u0142odzie\u017c?\u201d. Do udzia\u0142u w spotkaniu zapraszaj\u0105 wszystkich m\u0142odych ludzi, kt\u00f3rzy chcieliby podzieli\u0107 si\u0119 swoj\u0105 opini\u0105 w tej sprawie. Szczeg\u00f3\u0142owe informacje, &hellip; <a href=\"https:\/\/sp8tg.pl\/web\/zaproszenie-na-spotkanie-jakiej-reprezentacji-potrzebuje-polska-mlodziez\/\" class=\"more-link\">Czytaj dalej<span class=\"screen-reader-text\"> \u201eZaproszenie na spotkanie: &#8222;Jakiej reprezentacji potrzebuje polska m\u0142odzie\u017c?&#8221;\u201d<\/span><\/a><\/p>\n","protected":false},"author":1,"featured_media":0,"comment_status":"closed","ping_status":"closed","sticky":false,"template":"","format":"standard","meta":{"ngg_post_thumbnail":0,"footnotes":""},"categories":[1],"tags":[],"_links":{"self":[{"href":"https:\/\/sp8tg.pl\/web\/wp-json\/wp\/v2\/posts\/5351"}],"collection":[{"href":"https:\/\/sp8tg.pl\/web\/wp-json\/wp\/v2\/posts"}],"about":[{"href":"https:\/\/sp8tg.pl\/web\/wp-json\/wp\/v2\/types\/post"}],"author":[{"embeddable":true,"href":"https:\/\/sp8tg.pl\/web\/wp-json\/wp\/v2\/users\/1"}],"replies":[{"embeddable":true,"href":"https:\/\/sp8tg.pl\/web\/wp-json\/wp\/v2\/comments?post=5351"}],"version-history":[{"count":2,"href":"https:\/\/sp8tg.pl\/web\/wp-json\/wp\/v2\/posts\/5351\/revisions"}],"predecessor-version":[{"id":5353,"href":"https:\/\/sp8tg.pl\/web\/wp-json\/wp\/v2\/posts\/5351\/revisions\/5353"}],"wp:attachment":[{"href":"https:\/\/sp8tg.pl\/web\/wp-json\/wp\/v2\/media?parent=5351"}],"wp:term":[{"taxonomy":"category","embeddable":true,"href":"https:\/\/sp8tg.pl\/web\/wp-json\/wp\/v2\/categories?post=5351"},{"taxonomy":"post_tag","embeddable":true,"href":"https:\/\/sp8tg.pl\/web\/wp-json\/wp\/v2\/tags?post=5351"}],"curies":[{"name":"wp","href":"https:\/\/api.w.org\/{rel}","templated":true}]}}