{"id":5324,"date":"2017-04-06T22:38:28","date_gmt":"2017-04-06T20:38:28","guid":{"rendered":"http:\/\/gim4.tgory.pl\/web\/?p=5324"},"modified":"2019-12-31T04:49:53","modified_gmt":"2019-12-31T03:49:53","slug":"stawiamy-na-samorzadnosc-naszych-uczniow","status":"publish","type":"post","link":"https:\/\/sp8tg.pl\/web\/stawiamy-na-samorzadnosc-naszych-uczniow\/","title":{"rendered":"Stawiamy na samorz\u0105dno\u015b\u0107 naszych uczni\u00f3w"},"content":{"rendered":"<h6>Nasi przedstawiciele SU wraz z opiekunem wzi\u0119li udzia\u0142 w <span style=\"color: #ff0000;\">VIII Zlocie Samorz\u0105d\u00f3w Uczniowskich w Katowicach<\/span>. Celem tegorocznej edycji by\u0142o zwi\u0119kszenie \u015bwiadomo\u015bci oraz pog\u0142\u0119bienie wiedzy w\u015br\u00f3d dzieci i m\u0142odzie\u017cy na temat zasad zdrowego i aktywnego trybu \u017cycia.<\/h6>\n<h6>Nieodzownym elementem takich spotka\u0144 jest<span style=\"color: #0000ff;\"> nawi\u0105zywanie wsp\u00f3\u0142pracy pomi\u0119dzy samorz\u0105dami uczniowskimi<\/span> oraz <span style=\"color: #0000ff;\">dzielenie si\u0119 przyk\u0142adami dobrych praktyk szkolnych.<\/span><\/h6>\n<p>&nbsp;&nbsp;&nbsp;&nbsp;&nbsp;&nbsp;&nbsp;&nbsp; <img loading=\"lazy\" decoding=\"async\" class=\"alignnone size-medium wp-image-5354\" src=\"http:\/\/gim4.tgory.pl\/web\/wp-content\/uploads\/2017\/04\/20170405_102648-300x169.jpg\" alt=\"\" width=\"300\" height=\"169\" srcset=\"https:\/\/sp8tg.pl\/web\/wp-content\/uploads\/2017\/04\/20170405_102648-300x169.jpg 300w, https:\/\/sp8tg.pl\/web\/wp-content\/uploads\/2017\/04\/20170405_102648-768x432.jpg 768w, https:\/\/sp8tg.pl\/web\/wp-content\/uploads\/2017\/04\/20170405_102648-1024x576.jpg 1024w, https:\/\/sp8tg.pl\/web\/wp-content\/uploads\/2017\/04\/20170405_102648-1200x675.jpg 1200w\" sizes=\"(max-width: 300px) 85vw, 300px\" \/>&nbsp;&nbsp;&nbsp;&nbsp;&nbsp;&nbsp;&nbsp;&nbsp;&nbsp;&nbsp;&nbsp;<\/p>\n<p>&nbsp;&nbsp;&nbsp;&nbsp;&nbsp;&nbsp;&nbsp;&nbsp;&nbsp;&nbsp;&nbsp;&nbsp;&nbsp;&nbsp;&nbsp;&nbsp;&nbsp;&nbsp;&nbsp;&nbsp;&nbsp;&nbsp;&nbsp;&nbsp;&nbsp;&nbsp;&nbsp;&nbsp;&nbsp;&nbsp;&nbsp;&nbsp;&nbsp;&nbsp;&nbsp;&nbsp;&nbsp;&nbsp;&nbsp;&nbsp;&nbsp;&nbsp;&nbsp;&nbsp;&nbsp; <img loading=\"lazy\" decoding=\"async\" class=\"alignnone size-medium wp-image-5356\" src=\"http:\/\/gim4.tgory.pl\/web\/wp-content\/uploads\/2017\/04\/20170405_104856-300x169.jpg\" alt=\"\" width=\"300\" height=\"169\" srcset=\"https:\/\/sp8tg.pl\/web\/wp-content\/uploads\/2017\/04\/20170405_104856-300x169.jpg 300w, https:\/\/sp8tg.pl\/web\/wp-content\/uploads\/2017\/04\/20170405_104856-768x432.jpg 768w, https:\/\/sp8tg.pl\/web\/wp-content\/uploads\/2017\/04\/20170405_104856-1024x576.jpg 1024w, https:\/\/sp8tg.pl\/web\/wp-content\/uploads\/2017\/04\/20170405_104856-1200x675.jpg 1200w\" sizes=\"(max-width: 300px) 85vw, 300px\" \/>&nbsp;&nbsp;&nbsp;&nbsp;&nbsp;&nbsp;&nbsp;&nbsp;<\/p>\n<p>&nbsp; &nbsp; &nbsp; &nbsp;&nbsp;<img loading=\"lazy\" decoding=\"async\" class=\"alignnone size-medium wp-image-5357\" src=\"http:\/\/gim4.tgory.pl\/web\/wp-content\/uploads\/2017\/04\/20170405_115510-300x169.jpg\" alt=\"\" width=\"300\" height=\"169\" srcset=\"https:\/\/sp8tg.pl\/web\/wp-content\/uploads\/2017\/04\/20170405_115510-300x169.jpg 300w, https:\/\/sp8tg.pl\/web\/wp-content\/uploads\/2017\/04\/20170405_115510-768x432.jpg 768w, https:\/\/sp8tg.pl\/web\/wp-content\/uploads\/2017\/04\/20170405_115510-1024x576.jpg 1024w, https:\/\/sp8tg.pl\/web\/wp-content\/uploads\/2017\/04\/20170405_115510-1200x675.jpg 1200w\" sizes=\"(max-width: 300px) 85vw, 300px\" \/>&nbsp;<\/p>\n<p>&nbsp;&nbsp;&nbsp;&nbsp;&nbsp;&nbsp;&nbsp;&nbsp;&nbsp;&nbsp;&nbsp;&nbsp;&nbsp;&nbsp;&nbsp;&nbsp;&nbsp;&nbsp;&nbsp;&nbsp;&nbsp;&nbsp;&nbsp;&nbsp;&nbsp;&nbsp;&nbsp;&nbsp;&nbsp;&nbsp;&nbsp;&nbsp;&nbsp;&nbsp;&nbsp;&nbsp;&nbsp;&nbsp;&nbsp;&nbsp;&nbsp;&nbsp;&nbsp;&nbsp;&nbsp;&nbsp;&nbsp;&nbsp;&nbsp;&nbsp;&nbsp;&nbsp;&nbsp;&nbsp;&nbsp;&nbsp;<\/p>\n<p>&nbsp;&nbsp;&nbsp;&nbsp;&nbsp;&nbsp;&nbsp;&nbsp;<\/p>\n","protected":false},"excerpt":{"rendered":"<p>Nasi przedstawiciele SU wraz z opiekunem wzi\u0119li udzia\u0142 w VIII Zlocie Samorz\u0105d\u00f3w Uczniowskich w Katowicach. Celem tegorocznej edycji by\u0142o zwi\u0119kszenie \u015bwiadomo\u015bci oraz pog\u0142\u0119bienie wiedzy w\u015br\u00f3d dzieci i m\u0142odzie\u017cy na temat zasad zdrowego i aktywnego trybu \u017cycia. Nieodzownym elementem takich spotka\u0144 jest nawi\u0105zywanie wsp\u00f3\u0142pracy pomi\u0119dzy samorz\u0105dami uczniowskimi oraz dzielenie si\u0119 przyk\u0142adami dobrych praktyk szkolnych. &nbsp;&nbsp;&nbsp;&nbsp;&nbsp;&nbsp;&nbsp;&nbsp; &nbsp;&nbsp;&nbsp;&nbsp;&nbsp;&nbsp;&nbsp;&nbsp;&nbsp;&nbsp;&nbsp; &hellip; <a href=\"https:\/\/sp8tg.pl\/web\/stawiamy-na-samorzadnosc-naszych-uczniow\/\" class=\"more-link\">Czytaj dalej<span class=\"screen-reader-text\"> \u201eStawiamy na samorz\u0105dno\u015b\u0107 naszych uczni\u00f3w\u201d<\/span><\/a><\/p>\n","protected":false},"author":1,"featured_media":0,"comment_status":"closed","ping_status":"closed","sticky":false,"template":"","format":"standard","meta":{"ngg_post_thumbnail":0,"footnotes":""},"categories":[1],"tags":[],"_links":{"self":[{"href":"https:\/\/sp8tg.pl\/web\/wp-json\/wp\/v2\/posts\/5324"}],"collection":[{"href":"https:\/\/sp8tg.pl\/web\/wp-json\/wp\/v2\/posts"}],"about":[{"href":"https:\/\/sp8tg.pl\/web\/wp-json\/wp\/v2\/types\/post"}],"author":[{"embeddable":true,"href":"https:\/\/sp8tg.pl\/web\/wp-json\/wp\/v2\/users\/1"}],"replies":[{"embeddable":true,"href":"https:\/\/sp8tg.pl\/web\/wp-json\/wp\/v2\/comments?post=5324"}],"version-history":[{"count":8,"href":"https:\/\/sp8tg.pl\/web\/wp-json\/wp\/v2\/posts\/5324\/revisions"}],"predecessor-version":[{"id":12087,"href":"https:\/\/sp8tg.pl\/web\/wp-json\/wp\/v2\/posts\/5324\/revisions\/12087"}],"wp:attachment":[{"href":"https:\/\/sp8tg.pl\/web\/wp-json\/wp\/v2\/media?parent=5324"}],"wp:term":[{"taxonomy":"category","embeddable":true,"href":"https:\/\/sp8tg.pl\/web\/wp-json\/wp\/v2\/categories?post=5324"},{"taxonomy":"post_tag","embeddable":true,"href":"https:\/\/sp8tg.pl\/web\/wp-json\/wp\/v2\/tags?post=5324"}],"curies":[{"name":"wp","href":"https:\/\/api.w.org\/{rel}","templated":true}]}}