{"id":5319,"date":"2017-04-06T22:27:34","date_gmt":"2017-04-06T20:27:34","guid":{"rendered":"http:\/\/gim4.tgory.pl\/web\/?p=5319"},"modified":"2017-04-06T22:27:34","modified_gmt":"2017-04-06T20:27:34","slug":"julia-ma-talent","status":"publish","type":"post","link":"https:\/\/sp8tg.pl\/web\/julia-ma-talent\/","title":{"rendered":"Julia ma talent"},"content":{"rendered":"<h6>Osi\u0105gni\u0119cia &#8222;pisarskie&#8221;<span style=\"color: #ff0000;\"> Julii Klyty<\/span> zosta\u0142y przedstawione w sta\u0142ym szkolnym k\u0105ciku pod nazw\u0105 MAM TALENT, gdzie prezentujemy osi\u0105gni\u0119cia naszych zdolnych uczni\u00f3w.<\/h6>\n<p>&nbsp;&nbsp;&nbsp;&nbsp;&nbsp;&nbsp;&nbsp;&nbsp;&nbsp;&nbsp;&nbsp;&nbsp;&nbsp;&nbsp;&nbsp;&nbsp;&nbsp;&nbsp;&nbsp;&nbsp;&nbsp;&nbsp;&nbsp;&nbsp;&nbsp;&nbsp;&nbsp; &nbsp; &nbsp;&nbsp;&nbsp;&nbsp;&nbsp;&nbsp;&nbsp; <img loading=\"lazy\" decoding=\"async\" class=\"alignnone size-medium wp-image-5321\" src=\"http:\/\/gim4.tgory.pl\/web\/wp-content\/uploads\/2017\/04\/20170406_102151432_iOS-225x300.jpg\" alt=\"\" height=\"300\" width=\"225\" srcset=\"https:\/\/sp8tg.pl\/web\/wp-content\/uploads\/2017\/04\/20170406_102151432_iOS-225x300.jpg 225w, https:\/\/sp8tg.pl\/web\/wp-content\/uploads\/2017\/04\/20170406_102151432_iOS-768x1024.jpg 768w, https:\/\/sp8tg.pl\/web\/wp-content\/uploads\/2017\/04\/20170406_102151432_iOS-1200x1600.jpg 1200w\" sizes=\"(max-width: 225px) 85vw, 225px\" \/><\/p>\n<p>&nbsp;&nbsp;&nbsp;&nbsp;&nbsp;&nbsp;&nbsp;&nbsp;&nbsp;&nbsp;&nbsp;&nbsp;&nbsp;&nbsp;&nbsp;&nbsp;&nbsp;&nbsp;&nbsp;&nbsp;&nbsp;&nbsp;&nbsp;&nbsp;&nbsp;&nbsp;&nbsp;&nbsp;&nbsp;&nbsp;&nbsp;&nbsp;&nbsp;&nbsp;&nbsp;&nbsp;&nbsp;&nbsp;&nbsp;&nbsp;&nbsp;&nbsp;&nbsp;&nbsp;&nbsp;&nbsp;&nbsp;&nbsp;&nbsp;&nbsp;&nbsp;&nbsp;&nbsp;&nbsp;&nbsp;&nbsp;&nbsp;&nbsp;&nbsp;&nbsp;&nbsp;&nbsp;&nbsp;&nbsp;&nbsp;&nbsp;&nbsp;&nbsp;&nbsp;&nbsp;&nbsp;&nbsp;&nbsp;&nbsp;&nbsp;&nbsp; <strong>Gratulujemy talentu \ud83d\ude42<\/strong><\/p>\n","protected":false},"excerpt":{"rendered":"<p>Osi\u0105gni\u0119cia &#8222;pisarskie&#8221; Julii Klyty zosta\u0142y przedstawione w sta\u0142ym szkolnym k\u0105ciku pod nazw\u0105 MAM TALENT, gdzie prezentujemy osi\u0105gni\u0119cia naszych zdolnych uczni\u00f3w. &nbsp;&nbsp;&nbsp;&nbsp;&nbsp;&nbsp;&nbsp;&nbsp;&nbsp;&nbsp;&nbsp;&nbsp;&nbsp;&nbsp;&nbsp;&nbsp;&nbsp;&nbsp;&nbsp;&nbsp;&nbsp;&nbsp;&nbsp;&nbsp;&nbsp;&nbsp;&nbsp; &nbsp; &nbsp;&nbsp;&nbsp;&nbsp;&nbsp;&nbsp;&nbsp; &nbsp;&nbsp;&nbsp;&nbsp;&nbsp;&nbsp;&nbsp;&nbsp;&nbsp;&nbsp;&nbsp;&nbsp;&nbsp;&nbsp;&nbsp;&nbsp;&nbsp;&nbsp;&nbsp;&nbsp;&nbsp;&nbsp;&nbsp;&nbsp;&nbsp;&nbsp;&nbsp;&nbsp;&nbsp;&nbsp;&nbsp;&nbsp;&nbsp;&nbsp;&nbsp;&nbsp;&nbsp;&nbsp;&nbsp;&nbsp;&nbsp;&nbsp;&nbsp;&nbsp;&nbsp;&nbsp;&nbsp;&nbsp;&nbsp;&nbsp;&nbsp;&nbsp;&nbsp;&nbsp;&nbsp;&nbsp;&nbsp;&nbsp;&nbsp;&nbsp;&nbsp;&nbsp;&nbsp;&nbsp;&nbsp;&nbsp;&nbsp;&nbsp;&nbsp;&nbsp;&nbsp;&nbsp;&nbsp;&nbsp;&nbsp;&nbsp; Gratulujemy talentu \ud83d\ude42<\/p>\n","protected":false},"author":1,"featured_media":0,"comment_status":"closed","ping_status":"closed","sticky":false,"template":"","format":"standard","meta":{"ngg_post_thumbnail":0,"footnotes":""},"categories":[1],"tags":[],"_links":{"self":[{"href":"https:\/\/sp8tg.pl\/web\/wp-json\/wp\/v2\/posts\/5319"}],"collection":[{"href":"https:\/\/sp8tg.pl\/web\/wp-json\/wp\/v2\/posts"}],"about":[{"href":"https:\/\/sp8tg.pl\/web\/wp-json\/wp\/v2\/types\/post"}],"author":[{"embeddable":true,"href":"https:\/\/sp8tg.pl\/web\/wp-json\/wp\/v2\/users\/1"}],"replies":[{"embeddable":true,"href":"https:\/\/sp8tg.pl\/web\/wp-json\/wp\/v2\/comments?post=5319"}],"version-history":[{"count":1,"href":"https:\/\/sp8tg.pl\/web\/wp-json\/wp\/v2\/posts\/5319\/revisions"}],"predecessor-version":[{"id":5322,"href":"https:\/\/sp8tg.pl\/web\/wp-json\/wp\/v2\/posts\/5319\/revisions\/5322"}],"wp:attachment":[{"href":"https:\/\/sp8tg.pl\/web\/wp-json\/wp\/v2\/media?parent=5319"}],"wp:term":[{"taxonomy":"category","embeddable":true,"href":"https:\/\/sp8tg.pl\/web\/wp-json\/wp\/v2\/categories?post=5319"},{"taxonomy":"post_tag","embeddable":true,"href":"https:\/\/sp8tg.pl\/web\/wp-json\/wp\/v2\/tags?post=5319"}],"curies":[{"name":"wp","href":"https:\/\/api.w.org\/{rel}","templated":true}]}}