{"id":5272,"date":"2017-03-29T12:06:26","date_gmt":"2017-03-29T10:06:26","guid":{"rendered":"http:\/\/gim4.tgory.pl\/web\/?p=5272"},"modified":"2017-03-29T14:52:44","modified_gmt":"2017-03-29T12:52:44","slug":"wielkie-gratulacje-dla-julii","status":"publish","type":"post","link":"https:\/\/sp8tg.pl\/web\/wielkie-gratulacje-dla-julii\/","title":{"rendered":"Wielkie Gratulacje dla Julii :)"},"content":{"rendered":"<h6 data-canvas-width=\"4.9820369029564\">&nbsp;<\/h6>\n<p><center><strong><span style=\"color: #ff0000;\">Julia Klyta<\/span>, uczennica <span style=\"color: #ff0000;\">klasy IIa<\/span> naszego gimnazjum zdoby\u0142a<span style=\"color: #ff0000;\"> I miejsce<\/span><\/strong><\/center><center><strong> w<\/strong><\/center><center><strong>VIII Og\u00f3lnopolskim Konkursie Literackim: <\/strong><br \/>\n<strong> &#8222;<em>To, co wa\u017cne. M\u00f3j g\u0142os w sprawie warto\u015bci&#8221;<\/em> pod patronatem <\/strong><br \/>\n<strong> ks. prof. J. Szymika i honorowym patronatem \u015al\u0105skiego Kuratora O\u015bwiaty.<\/strong><\/center><\/p>\n<p align=\"justify\"><strong>Jury VIII Og\u00f3lnopolskiego Konkursu Literackiego, kt\u00f3remu przewodniczy\u0142 Poeta, ks. prof. Jerzy Szymik, po przeczytaniu ponad 80 zestaw\u00f3w wierszy, opowiada\u0144 i esej\u00f3w po\u015bwi\u0119conych problematyce warto\u015bci, przyzna\u0142o 33 nagrody we wszystkich kategoriach konkursowych. <\/strong><\/p>\n<p>&nbsp;&nbsp;&nbsp;&nbsp;&nbsp;&nbsp;&nbsp;&nbsp;&nbsp;&nbsp;&nbsp;&nbsp;&nbsp;&nbsp; &nbsp; &nbsp; &nbsp; &nbsp; &nbsp; &nbsp;&nbsp;&nbsp;&nbsp;&nbsp;&nbsp;&nbsp; <img loading=\"lazy\" decoding=\"async\" class=\"alignnone size-medium wp-image-5275\" src=\"http:\/\/gim4.tgory.pl\/web\/wp-content\/uploads\/2017\/03\/DSCN2465-192x300.jpg\" alt=\"\" height=\"300\" width=\"192\" srcset=\"https:\/\/sp8tg.pl\/web\/wp-content\/uploads\/2017\/03\/DSCN2465-192x300.jpg 192w, https:\/\/sp8tg.pl\/web\/wp-content\/uploads\/2017\/03\/DSCN2465-768x1197.jpg 768w, https:\/\/sp8tg.pl\/web\/wp-content\/uploads\/2017\/03\/DSCN2465-657x1024.jpg 657w, https:\/\/sp8tg.pl\/web\/wp-content\/uploads\/2017\/03\/DSCN2465-1200x1871.jpg 1200w\" sizes=\"(max-width: 192px) 85vw, 192px\" \/><\/p>\n<p>&nbsp;&nbsp;&nbsp;&nbsp;&nbsp;&nbsp;&nbsp;&nbsp;&nbsp; <img loading=\"lazy\" decoding=\"async\" class=\"alignnone size-medium wp-image-5273\" src=\"http:\/\/gim4.tgory.pl\/web\/wp-content\/uploads\/2017\/03\/DSC_1639-169x300.jpg\" alt=\"\" height=\"300\" width=\"169\" srcset=\"https:\/\/sp8tg.pl\/web\/wp-content\/uploads\/2017\/03\/DSC_1639-169x300.jpg 169w, https:\/\/sp8tg.pl\/web\/wp-content\/uploads\/2017\/03\/DSC_1639-768x1365.jpg 768w, https:\/\/sp8tg.pl\/web\/wp-content\/uploads\/2017\/03\/DSC_1639-576x1024.jpg 576w, https:\/\/sp8tg.pl\/web\/wp-content\/uploads\/2017\/03\/DSC_1639-1200x2133.jpg 1200w, https:\/\/sp8tg.pl\/web\/wp-content\/uploads\/2017\/03\/DSC_1639.jpg 1440w\" sizes=\"(max-width: 169px) 85vw, 169px\" \/> &nbsp; &nbsp; &nbsp; &nbsp; &nbsp; &nbsp;&nbsp; <img loading=\"lazy\" decoding=\"async\" class=\"alignnone size-medium wp-image-5274\" src=\"http:\/\/gim4.tgory.pl\/web\/wp-content\/uploads\/2017\/03\/DSCN2464-204x300.jpg\" alt=\"\" height=\"300\" width=\"204\" srcset=\"https:\/\/sp8tg.pl\/web\/wp-content\/uploads\/2017\/03\/DSCN2464-204x300.jpg 204w, https:\/\/sp8tg.pl\/web\/wp-content\/uploads\/2017\/03\/DSCN2464-768x1129.jpg 768w, https:\/\/sp8tg.pl\/web\/wp-content\/uploads\/2017\/03\/DSCN2464-697x1024.jpg 697w, https:\/\/sp8tg.pl\/web\/wp-content\/uploads\/2017\/03\/DSCN2464-1200x1763.jpg 1200w\" sizes=\"(max-width: 204px) 85vw, 204px\" \/><\/p>\n<h6>&nbsp;&nbsp;&nbsp;&nbsp;&nbsp;&nbsp;&nbsp;&nbsp;&nbsp;&nbsp;&nbsp;&nbsp;&nbsp;&nbsp;&nbsp;&nbsp;&nbsp;&nbsp;&nbsp;&nbsp;&nbsp;&nbsp;&nbsp;&nbsp;&nbsp;&nbsp;&nbsp;&nbsp;&nbsp;&nbsp;&nbsp;&nbsp;&nbsp;&nbsp;&nbsp;&nbsp;&nbsp;&nbsp;&nbsp;&nbsp;&nbsp;&nbsp;&nbsp;&nbsp;&nbsp;&nbsp;&nbsp;&nbsp;&nbsp;&nbsp;&nbsp;&nbsp;&nbsp;&nbsp;&nbsp;&nbsp;&nbsp;&nbsp;&nbsp;&nbsp;&nbsp;&nbsp;&nbsp;&nbsp;&nbsp;&nbsp;&nbsp;&nbsp;&nbsp;&nbsp;&nbsp;&nbsp;&nbsp;&nbsp;&nbsp;&nbsp;&nbsp;&nbsp;&nbsp;&nbsp;&nbsp;&nbsp;&nbsp;&nbsp;&nbsp;&nbsp;&nbsp;&nbsp;&nbsp;&nbsp;&nbsp;&nbsp;&nbsp;&nbsp;&nbsp; <strong>Gratulujemy \ud83d\ude42<\/strong><\/h6>\n","protected":false},"excerpt":{"rendered":"<p>&nbsp; Julia Klyta, uczennica klasy IIa naszego gimnazjum zdoby\u0142a I miejsce wVIII Og\u00f3lnopolskim Konkursie Literackim: &#8222;To, co wa\u017cne. M\u00f3j g\u0142os w sprawie warto\u015bci&#8221; pod patronatem ks. prof. J. Szymika i honorowym patronatem \u015al\u0105skiego Kuratora O\u015bwiaty. Jury VIII Og\u00f3lnopolskiego Konkursu Literackiego, kt\u00f3remu przewodniczy\u0142 Poeta, ks. prof. Jerzy Szymik, po przeczytaniu ponad 80 zestaw\u00f3w wierszy, opowiada\u0144 i &hellip; <a href=\"https:\/\/sp8tg.pl\/web\/wielkie-gratulacje-dla-julii\/\" class=\"more-link\">Czytaj dalej<span class=\"screen-reader-text\"> \u201eWielkie Gratulacje dla Julii :)\u201d<\/span><\/a><\/p>\n","protected":false},"author":1,"featured_media":0,"comment_status":"closed","ping_status":"closed","sticky":false,"template":"","format":"standard","meta":{"ngg_post_thumbnail":0,"footnotes":""},"categories":[1],"tags":[],"_links":{"self":[{"href":"https:\/\/sp8tg.pl\/web\/wp-json\/wp\/v2\/posts\/5272"}],"collection":[{"href":"https:\/\/sp8tg.pl\/web\/wp-json\/wp\/v2\/posts"}],"about":[{"href":"https:\/\/sp8tg.pl\/web\/wp-json\/wp\/v2\/types\/post"}],"author":[{"embeddable":true,"href":"https:\/\/sp8tg.pl\/web\/wp-json\/wp\/v2\/users\/1"}],"replies":[{"embeddable":true,"href":"https:\/\/sp8tg.pl\/web\/wp-json\/wp\/v2\/comments?post=5272"}],"version-history":[{"count":5,"href":"https:\/\/sp8tg.pl\/web\/wp-json\/wp\/v2\/posts\/5272\/revisions"}],"predecessor-version":[{"id":5283,"href":"https:\/\/sp8tg.pl\/web\/wp-json\/wp\/v2\/posts\/5272\/revisions\/5283"}],"wp:attachment":[{"href":"https:\/\/sp8tg.pl\/web\/wp-json\/wp\/v2\/media?parent=5272"}],"wp:term":[{"taxonomy":"category","embeddable":true,"href":"https:\/\/sp8tg.pl\/web\/wp-json\/wp\/v2\/categories?post=5272"},{"taxonomy":"post_tag","embeddable":true,"href":"https:\/\/sp8tg.pl\/web\/wp-json\/wp\/v2\/tags?post=5272"}],"curies":[{"name":"wp","href":"https:\/\/api.w.org\/{rel}","templated":true}]}}