{"id":4886,"date":"2017-01-20T11:50:02","date_gmt":"2017-01-20T10:50:02","guid":{"rendered":"http:\/\/gim4.tgory.pl\/web\/?p=4886"},"modified":"2017-01-20T11:51:10","modified_gmt":"2017-01-20T10:51:10","slug":"mala-zmiana-planu-lekcji-klas-i-i-ii","status":"publish","type":"post","link":"https:\/\/sp8tg.pl\/web\/mala-zmiana-planu-lekcji-klas-i-i-ii\/","title":{"rendered":"Ma\u0142a zmiana planu lekcji klas I i II"},"content":{"rendered":"<p>Od pocz\u0105tku nowego semestru, tj. 30 stycznia 2017 r. klasy I i II musz\u0105 liczy\u0107 si\u0119 z niewielk\u0105 zmian\u0105 w planie lekcji zwi\u0105zan\u0105 z zaj\u0119ciami z <strong>wd\u017c. Aktualny plan w zak\u0142adce PLAN LEKCJI \ud83d\ude42<br \/>\n<\/strong><\/p>\n","protected":false},"excerpt":{"rendered":"<p>Od pocz\u0105tku nowego semestru, tj. 30 stycznia 2017 r. klasy I i II musz\u0105 liczy\u0107 si\u0119 z niewielk\u0105 zmian\u0105 w planie lekcji zwi\u0105zan\u0105 z zaj\u0119ciami z wd\u017c. Aktualny plan w zak\u0142adce PLAN LEKCJI \ud83d\ude42<\/p>\n","protected":false},"author":1,"featured_media":0,"comment_status":"closed","ping_status":"closed","sticky":false,"template":"","format":"standard","meta":{"ngg_post_thumbnail":0,"footnotes":""},"categories":[1],"tags":[],"_links":{"self":[{"href":"https:\/\/sp8tg.pl\/web\/wp-json\/wp\/v2\/posts\/4886"}],"collection":[{"href":"https:\/\/sp8tg.pl\/web\/wp-json\/wp\/v2\/posts"}],"about":[{"href":"https:\/\/sp8tg.pl\/web\/wp-json\/wp\/v2\/types\/post"}],"author":[{"embeddable":true,"href":"https:\/\/sp8tg.pl\/web\/wp-json\/wp\/v2\/users\/1"}],"replies":[{"embeddable":true,"href":"https:\/\/sp8tg.pl\/web\/wp-json\/wp\/v2\/comments?post=4886"}],"version-history":[{"count":2,"href":"https:\/\/sp8tg.pl\/web\/wp-json\/wp\/v2\/posts\/4886\/revisions"}],"predecessor-version":[{"id":4889,"href":"https:\/\/sp8tg.pl\/web\/wp-json\/wp\/v2\/posts\/4886\/revisions\/4889"}],"wp:attachment":[{"href":"https:\/\/sp8tg.pl\/web\/wp-json\/wp\/v2\/media?parent=4886"}],"wp:term":[{"taxonomy":"category","embeddable":true,"href":"https:\/\/sp8tg.pl\/web\/wp-json\/wp\/v2\/categories?post=4886"},{"taxonomy":"post_tag","embeddable":true,"href":"https:\/\/sp8tg.pl\/web\/wp-json\/wp\/v2\/tags?post=4886"}],"curies":[{"name":"wp","href":"https:\/\/api.w.org\/{rel}","templated":true}]}}