{"id":4871,"date":"2017-01-05T11:55:53","date_gmt":"2017-01-05T10:55:53","guid":{"rendered":"http:\/\/gim4.tgory.pl\/web\/?p=4871"},"modified":"2017-01-05T11:55:53","modified_gmt":"2017-01-05T10:55:53","slug":"informacja-dla-rady-rodzicow","status":"publish","type":"post","link":"https:\/\/sp8tg.pl\/web\/informacja-dla-rady-rodzicow\/","title":{"rendered":"Informacja dla Rady Rodzic\u00f3w"},"content":{"rendered":"<p><strong>Uprzejmie informuj\u0119, \u017ce dnia 13 stycznia 2017 r. w \u015al\u0105skim Centrum Edukacji &#8222;O\u015bwiata&#8221; w Katowicach, Al. Korfantego 141 odb\u0119dzie si\u0119 \u015al\u0105ska Regionalna Konferencja Rad Rodzic\u00f3w &#8211; &#8222;Rady Rodzic\u00f3w w polskim systemie o\u015bwiaty&#8221;. Zapraszam na konferencj\u0119 nasz\u0105 Rad\u0119 Rodzic\u00f3w. Zg\u0142oszenia do dnia 12 stycznia 2017 r.<\/strong><\/p>\n<p><span style=\"text-decoration: underline;\">Zapraszam do zapoznania si\u0119 z za\u0142\u0105cznikami:<\/span><\/p>\n<p>\u2192&nbsp; <a href=\"http:\/\/gim4.tgory.pl\/web\/wp-content\/uploads\/2017\/01\/\u015al\u0105ska-Regionalna-Konferencja-Rad-Rodzic\u00f3w-program18911.pdf\">slaska-regionalna-konferencja-rad-rodzicow<\/a><\/p>\n<p>\u2192&nbsp; <a href=\"http:\/\/gim4.tgory.pl\/web\/wp-content\/uploads\/2017\/01\/\u015al\u0105ska-Regionalna-Konferencja-Rad-Rodzic\u00f3w-zaproszenie18910.pdf\">slaska-regionalna-konferencja-rad-rodzicow-zaproszenie<\/a><\/p>\n","protected":false},"excerpt":{"rendered":"<p>Uprzejmie informuj\u0119, \u017ce dnia 13 stycznia 2017 r. w \u015al\u0105skim Centrum Edukacji &#8222;O\u015bwiata&#8221; w Katowicach, Al. Korfantego 141 odb\u0119dzie si\u0119 \u015al\u0105ska Regionalna Konferencja Rad Rodzic\u00f3w &#8211; &#8222;Rady Rodzic\u00f3w w polskim systemie o\u015bwiaty&#8221;. Zapraszam na konferencj\u0119 nasz\u0105 Rad\u0119 Rodzic\u00f3w. Zg\u0142oszenia do dnia 12 stycznia 2017 r. Zapraszam do zapoznania si\u0119 z za\u0142\u0105cznikami: \u2192&nbsp; slaska-regionalna-konferencja-rad-rodzicow \u2192&nbsp; slaska-regionalna-konferencja-rad-rodzicow-zaproszenie<\/p>\n","protected":false},"author":1,"featured_media":0,"comment_status":"closed","ping_status":"closed","sticky":false,"template":"","format":"standard","meta":{"ngg_post_thumbnail":0,"footnotes":""},"categories":[1],"tags":[],"_links":{"self":[{"href":"https:\/\/sp8tg.pl\/web\/wp-json\/wp\/v2\/posts\/4871"}],"collection":[{"href":"https:\/\/sp8tg.pl\/web\/wp-json\/wp\/v2\/posts"}],"about":[{"href":"https:\/\/sp8tg.pl\/web\/wp-json\/wp\/v2\/types\/post"}],"author":[{"embeddable":true,"href":"https:\/\/sp8tg.pl\/web\/wp-json\/wp\/v2\/users\/1"}],"replies":[{"embeddable":true,"href":"https:\/\/sp8tg.pl\/web\/wp-json\/wp\/v2\/comments?post=4871"}],"version-history":[{"count":1,"href":"https:\/\/sp8tg.pl\/web\/wp-json\/wp\/v2\/posts\/4871\/revisions"}],"predecessor-version":[{"id":4874,"href":"https:\/\/sp8tg.pl\/web\/wp-json\/wp\/v2\/posts\/4871\/revisions\/4874"}],"wp:attachment":[{"href":"https:\/\/sp8tg.pl\/web\/wp-json\/wp\/v2\/media?parent=4871"}],"wp:term":[{"taxonomy":"category","embeddable":true,"href":"https:\/\/sp8tg.pl\/web\/wp-json\/wp\/v2\/categories?post=4871"},{"taxonomy":"post_tag","embeddable":true,"href":"https:\/\/sp8tg.pl\/web\/wp-json\/wp\/v2\/tags?post=4871"}],"curies":[{"name":"wp","href":"https:\/\/api.w.org\/{rel}","templated":true}]}}