{"id":4848,"date":"2017-01-02T21:45:27","date_gmt":"2017-01-02T20:45:27","guid":{"rendered":"http:\/\/gim4.tgory.pl\/web\/?p=4848"},"modified":"2019-12-31T04:44:43","modified_gmt":"2019-12-31T03:44:43","slug":"rekord-polski-wojtka-ogrodnika","status":"publish","type":"post","link":"https:\/\/sp8tg.pl\/web\/rekord-polski-wojtka-ogrodnika\/","title":{"rendered":"Rekord Polski Wojtka Ogrodnika"},"content":{"rendered":"<h5>&#8222;Trenuj tak d\u0142ugo i wytrwale, a\u017c twoi idole stan\u0105 si\u0119 twoimi rywalami&#8221;&#8230;<\/h5>\n<h3><span style=\"text-decoration: underline;\">Wojtek Ogrodnik<\/span> &#8211; ucze\u0144 naszego gimnazjum wynikiem 26.72 zwyci\u0119\u017cy\u0142 w g\u0142\u00f3wnej konkurencji zawod\u00f3w w Lublinie&nbsp; pobijaj\u0105c jednocze\u015bnie poprzedni 7-letni rekord kraju o ponad p\u00f3\u0142 sekundy . Na tym poziomie rywalizacji stanowi niesamowity , a nawet mo\u017cna powiedzie\u0107 kosmiczny wyczyn!!!. Wojtek sta\u0142 si\u0119 tym samym <span style=\"text-decoration: underline;\">pierwszym Polakiem<\/span>, kt\u00f3ry maj\u0105c tyle lat&nbsp; prze\u0142ama\u0142 barier\u0119 27 sekund na 50 m stylem motylkowym.<\/h3>\n<p>&nbsp;&nbsp;&nbsp;&nbsp;&nbsp;&nbsp;&nbsp;&nbsp;&nbsp;&nbsp;&nbsp;&nbsp;&nbsp;&nbsp;&nbsp;&nbsp;&nbsp;&nbsp;&nbsp;&nbsp;&nbsp;&nbsp;&nbsp;&nbsp;&nbsp;&nbsp;&nbsp;&nbsp;&nbsp;&nbsp;&nbsp;&nbsp;&nbsp;&nbsp;&nbsp;&nbsp;&nbsp;&nbsp;&nbsp;&nbsp;&nbsp;&nbsp;&nbsp;&nbsp;&nbsp;&nbsp;<\/p>\n<h3>&nbsp;&nbsp;&nbsp;&nbsp;&nbsp;&nbsp;&nbsp;&nbsp;&nbsp;&nbsp;&nbsp;&nbsp;&nbsp;&nbsp;&nbsp;&nbsp;&nbsp;&nbsp;&nbsp;&nbsp;&nbsp;&nbsp;&nbsp;&nbsp;&nbsp;&nbsp;&nbsp;&nbsp;&nbsp;&nbsp; WIELKIE GRATULACJE!!!<\/h3>\n<p>&nbsp;<\/p>\n","protected":false},"excerpt":{"rendered":"<p>&#8222;Trenuj tak d\u0142ugo i wytrwale, a\u017c twoi idole stan\u0105 si\u0119 twoimi rywalami&#8221;&#8230; Wojtek Ogrodnik &#8211; ucze\u0144 naszego gimnazjum wynikiem 26.72 zwyci\u0119\u017cy\u0142 w g\u0142\u00f3wnej konkurencji zawod\u00f3w w Lublinie&nbsp; pobijaj\u0105c jednocze\u015bnie poprzedni 7-letni rekord kraju o ponad p\u00f3\u0142 sekundy . Na tym poziomie rywalizacji stanowi niesamowity , a nawet mo\u017cna powiedzie\u0107 kosmiczny wyczyn!!!. Wojtek sta\u0142 si\u0119 tym &hellip; <a href=\"https:\/\/sp8tg.pl\/web\/rekord-polski-wojtka-ogrodnika\/\" class=\"more-link\">Czytaj dalej<span class=\"screen-reader-text\"> \u201eRekord Polski Wojtka Ogrodnika\u201d<\/span><\/a><\/p>\n","protected":false},"author":1,"featured_media":0,"comment_status":"closed","ping_status":"closed","sticky":false,"template":"","format":"standard","meta":{"ngg_post_thumbnail":0,"footnotes":""},"categories":[1],"tags":[],"_links":{"self":[{"href":"https:\/\/sp8tg.pl\/web\/wp-json\/wp\/v2\/posts\/4848"}],"collection":[{"href":"https:\/\/sp8tg.pl\/web\/wp-json\/wp\/v2\/posts"}],"about":[{"href":"https:\/\/sp8tg.pl\/web\/wp-json\/wp\/v2\/types\/post"}],"author":[{"embeddable":true,"href":"https:\/\/sp8tg.pl\/web\/wp-json\/wp\/v2\/users\/1"}],"replies":[{"embeddable":true,"href":"https:\/\/sp8tg.pl\/web\/wp-json\/wp\/v2\/comments?post=4848"}],"version-history":[{"count":4,"href":"https:\/\/sp8tg.pl\/web\/wp-json\/wp\/v2\/posts\/4848\/revisions"}],"predecessor-version":[{"id":12077,"href":"https:\/\/sp8tg.pl\/web\/wp-json\/wp\/v2\/posts\/4848\/revisions\/12077"}],"wp:attachment":[{"href":"https:\/\/sp8tg.pl\/web\/wp-json\/wp\/v2\/media?parent=4848"}],"wp:term":[{"taxonomy":"category","embeddable":true,"href":"https:\/\/sp8tg.pl\/web\/wp-json\/wp\/v2\/categories?post=4848"},{"taxonomy":"post_tag","embeddable":true,"href":"https:\/\/sp8tg.pl\/web\/wp-json\/wp\/v2\/tags?post=4848"}],"curies":[{"name":"wp","href":"https:\/\/api.w.org\/{rel}","templated":true}]}}