{"id":4679,"date":"2016-12-04T20:36:35","date_gmt":"2016-12-04T19:36:35","guid":{"rendered":"http:\/\/gim4.tgory.pl\/web\/?p=4679"},"modified":"2016-12-05T19:47:38","modified_gmt":"2016-12-05T18:47:38","slug":"goscimy-szlachetna-paczke","status":"publish","type":"post","link":"https:\/\/sp8tg.pl\/web\/goscimy-szlachetna-paczke\/","title":{"rendered":"Go\u015bcimy Szlachetn\u0105 Paczk\u0119 :)"},"content":{"rendered":"<h5>W dniach 10 i 11 grudnia 2016 r nasze gimnazjum r\u00f3wnie\u017c i w rym roku b\u0119dzie miejscem odbierania i rozwo\u017cenia podarunk\u00f3w \u015bwi\u0105tecznych dla rodzin. <span style=\"text-decoration: underline;\">Cieszymy si\u0119, \u017ce mo\u017cemy pom\u00f3c ?<\/span><\/h5>\n<p><img loading=\"lazy\" decoding=\"async\" class=\"irc_mi iv2HSfMTcv9M-pQOPx8XEepE\" src=\"http:\/\/przedszkolekrzeszowice.pl\/wp-content\/uploads\/2015\/11\/shell-szlachetna-paczka.jpg\" alt=\"Znalezione obrazy dla zapytania szlachetna paczka\" width=\"750\" height=\"211\"><\/p>\n<h5>Nasi uczniowie s\u0105 wolontariuszami w my\u015bl has\u0142a szkolnego \u201ePOMAGANIE JEST FAJNE\u201d<\/h5>\n<p>&nbsp;&nbsp; &nbsp; &nbsp; &nbsp; &nbsp; &nbsp; &nbsp; &nbsp; &nbsp; &nbsp; &nbsp; &nbsp; &nbsp; &nbsp; &nbsp; <img loading=\"lazy\" decoding=\"async\" class=\"alignnone size-medium wp-image-4700\" src=\"http:\/\/gim4.tgory.pl\/web\/wp-content\/uploads\/2016\/05\/IMG_6156-225x300.jpg\" alt=\"img_6156\" width=\"225\" height=\"300\" srcset=\"https:\/\/sp8tg.pl\/web\/wp-content\/uploads\/2016\/05\/IMG_6156-225x300.jpg 225w, https:\/\/sp8tg.pl\/web\/wp-content\/uploads\/2016\/05\/IMG_6156-768x1024.jpg 768w, https:\/\/sp8tg.pl\/web\/wp-content\/uploads\/2016\/05\/IMG_6156-1200x1600.jpg 1200w\" sizes=\"(max-width: 225px) 85vw, 225px\" \/>&nbsp;&nbsp;&nbsp;&nbsp;&nbsp;&nbsp;&nbsp;&nbsp;&nbsp;&nbsp;&nbsp;&nbsp;&nbsp;&nbsp;&nbsp;&nbsp;&nbsp;&nbsp;&nbsp;&nbsp;&nbsp;&nbsp;&nbsp;&nbsp;&nbsp;&nbsp;&nbsp;&nbsp;&nbsp;&nbsp;&nbsp;&nbsp;&nbsp;&nbsp;&nbsp;&nbsp;&nbsp;&nbsp;&nbsp;&nbsp;&nbsp;&nbsp;&nbsp;&nbsp;&nbsp;&nbsp;&nbsp;&nbsp;&nbsp;&nbsp; &nbsp; &nbsp; &nbsp; &nbsp; &nbsp; &nbsp; &nbsp;&nbsp; &nbsp;&nbsp;&nbsp;&nbsp;&nbsp;&nbsp;&nbsp;&nbsp;&nbsp; &nbsp;&nbsp;&nbsp;&nbsp;&nbsp;&nbsp;&nbsp;&nbsp;&nbsp;&nbsp;&nbsp;&nbsp;&nbsp;&nbsp;&nbsp;&nbsp;&nbsp;&nbsp;&nbsp;&nbsp;&nbsp;&nbsp;&nbsp;&nbsp;&nbsp;&nbsp;&nbsp;&nbsp;&nbsp;&nbsp;&nbsp;&nbsp;&nbsp;&nbsp;&nbsp;&nbsp;&nbsp;&nbsp;&nbsp;&nbsp;&nbsp;&nbsp;&nbsp;&nbsp;&nbsp;&nbsp;&nbsp;&nbsp;&nbsp;&nbsp;&nbsp;&nbsp;&nbsp;&nbsp;&nbsp;&nbsp;&nbsp;&nbsp;&nbsp;&nbsp;&nbsp;&nbsp;&nbsp;&nbsp;&nbsp;&nbsp;&nbsp;&nbsp;&nbsp;<\/p>\n<p>&nbsp;<\/p>\n","protected":false},"excerpt":{"rendered":"<p>W dniach 10 i 11 grudnia 2016 r nasze gimnazjum r\u00f3wnie\u017c i w rym roku b\u0119dzie miejscem odbierania i rozwo\u017cenia podarunk\u00f3w \u015bwi\u0105tecznych dla rodzin. Cieszymy si\u0119, \u017ce mo\u017cemy pom\u00f3c ? Nasi uczniowie s\u0105 wolontariuszami w my\u015bl has\u0142a szkolnego \u201ePOMAGANIE JEST FAJNE\u201d &nbsp;&nbsp; &nbsp; &nbsp; &nbsp; &nbsp; &nbsp; &nbsp; &nbsp; &nbsp; &nbsp; &nbsp; &nbsp; &nbsp; &nbsp; &hellip; <a href=\"https:\/\/sp8tg.pl\/web\/goscimy-szlachetna-paczke\/\" class=\"more-link\">Czytaj dalej<span class=\"screen-reader-text\"> \u201eGo\u015bcimy Szlachetn\u0105 Paczk\u0119 :)\u201d<\/span><\/a><\/p>\n","protected":false},"author":1,"featured_media":0,"comment_status":"closed","ping_status":"closed","sticky":false,"template":"","format":"standard","meta":{"ngg_post_thumbnail":0,"footnotes":""},"categories":[1],"tags":[],"_links":{"self":[{"href":"https:\/\/sp8tg.pl\/web\/wp-json\/wp\/v2\/posts\/4679"}],"collection":[{"href":"https:\/\/sp8tg.pl\/web\/wp-json\/wp\/v2\/posts"}],"about":[{"href":"https:\/\/sp8tg.pl\/web\/wp-json\/wp\/v2\/types\/post"}],"author":[{"embeddable":true,"href":"https:\/\/sp8tg.pl\/web\/wp-json\/wp\/v2\/users\/1"}],"replies":[{"embeddable":true,"href":"https:\/\/sp8tg.pl\/web\/wp-json\/wp\/v2\/comments?post=4679"}],"version-history":[{"count":3,"href":"https:\/\/sp8tg.pl\/web\/wp-json\/wp\/v2\/posts\/4679\/revisions"}],"predecessor-version":[{"id":4706,"href":"https:\/\/sp8tg.pl\/web\/wp-json\/wp\/v2\/posts\/4679\/revisions\/4706"}],"wp:attachment":[{"href":"https:\/\/sp8tg.pl\/web\/wp-json\/wp\/v2\/media?parent=4679"}],"wp:term":[{"taxonomy":"category","embeddable":true,"href":"https:\/\/sp8tg.pl\/web\/wp-json\/wp\/v2\/categories?post=4679"},{"taxonomy":"post_tag","embeddable":true,"href":"https:\/\/sp8tg.pl\/web\/wp-json\/wp\/v2\/tags?post=4679"}],"curies":[{"name":"wp","href":"https:\/\/api.w.org\/{rel}","templated":true}]}}