{"id":4571,"date":"2016-11-23T18:33:28","date_gmt":"2016-11-23T17:33:28","guid":{"rendered":"http:\/\/gim4.tgory.pl\/web\/?p=4571"},"modified":"2016-11-23T19:27:46","modified_gmt":"2016-11-23T18:27:46","slug":"filmy-o-tematyce-uzaleznien-w-tarnogorskim-centrum-kultury","status":"publish","type":"post","link":"https:\/\/sp8tg.pl\/web\/filmy-o-tematyce-uzaleznien-w-tarnogorskim-centrum-kultury\/","title":{"rendered":"Filmy o tematyce uzale\u017cnie\u0144 w Tarnog\u00f3rskim Centrum Kultury"},"content":{"rendered":"<h3>Przegl\u0105d Film\u00f3w o tematyce uzale\u017cnie\u0144. Start ju\u017c w poniedzia\u0142ek od 16.11.2016 r. Filmy przeznaczone s\u0105 nie tylko dla uczni\u00f3w ale r\u00f3wnie\u017c skierowane s\u0105 do rodzic\u00f3w.<\/h3>\n<p><img loading=\"lazy\" decoding=\"async\" class=\"\" src=\"https:\/\/d-nm.ppstatic.pl\/kadr\/k\/r\/80\/24\/5645da6f31171_o,size,200x140,q,70,h,c4cd9f.jpg\" alt=\"\u017by\u0107 mocniej...? O uzale\u017cnieniach w TCK\" width=\"200\" height=\"140\" data-original=\"https:\/\/d-nm.ppstatic.pl\/kadr\/k\/r\/80\/24\/5645da6f31171_o,size,200x140,q,70,h,c4cd9f.jpg\" \/><\/p>\n<p>\u2192 <a href=\"http:\/\/gim4.tgory.pl\/web\/wp-content\/uploads\/2016\/11\/W-poniedzia\u0142ek-16-listopada-rusza-V-edycja-przegl\u0105du-film\u00f3w-o-tematyce-uzale\u017cnie\u0144.pdf\">w-poniedzialek-16-listopada-rusza-v-edycja-przegladu-filmow-o-tematyce-uzaleznien<\/a><\/p>\n<p>Dnia 23.11.2016 r. w TCK o godz. 18.00 rozmowa ze specjalist\u0105 od uzale\u017cnie\u0144, a o 19.00 mo\u017cliwo\u015b\u0107 obejrzenia filmu dokumentalnego dotycz\u0105cego r\u00f3\u017cnego typu uzale\u017cnie\u0144.<\/p>\n<p>\u2192 <a href=\"http:\/\/gim4.tgory.pl\/web\/wp-content\/uploads\/2016\/11\/\u017by\u0107-mocniej.pdf\">zyc-mocniej<\/a>&#8230;?<\/p>\n","protected":false},"excerpt":{"rendered":"<p>Przegl\u0105d Film\u00f3w o tematyce uzale\u017cnie\u0144. Start ju\u017c w poniedzia\u0142ek od 16.11.2016 r. Filmy przeznaczone s\u0105 nie tylko dla uczni\u00f3w ale r\u00f3wnie\u017c skierowane s\u0105 do rodzic\u00f3w. \u2192 w-poniedzialek-16-listopada-rusza-v-edycja-przegladu-filmow-o-tematyce-uzaleznien Dnia 23.11.2016 r. w TCK o godz. 18.00 rozmowa ze specjalist\u0105 od uzale\u017cnie\u0144, a o 19.00 mo\u017cliwo\u015b\u0107 obejrzenia filmu dokumentalnego dotycz\u0105cego r\u00f3\u017cnego typu uzale\u017cnie\u0144. \u2192 zyc-mocniej&#8230;?<\/p>\n","protected":false},"author":1,"featured_media":0,"comment_status":"closed","ping_status":"closed","sticky":false,"template":"","format":"standard","meta":{"ngg_post_thumbnail":0,"footnotes":""},"categories":[1],"tags":[],"_links":{"self":[{"href":"https:\/\/sp8tg.pl\/web\/wp-json\/wp\/v2\/posts\/4571"}],"collection":[{"href":"https:\/\/sp8tg.pl\/web\/wp-json\/wp\/v2\/posts"}],"about":[{"href":"https:\/\/sp8tg.pl\/web\/wp-json\/wp\/v2\/types\/post"}],"author":[{"embeddable":true,"href":"https:\/\/sp8tg.pl\/web\/wp-json\/wp\/v2\/users\/1"}],"replies":[{"embeddable":true,"href":"https:\/\/sp8tg.pl\/web\/wp-json\/wp\/v2\/comments?post=4571"}],"version-history":[{"count":7,"href":"https:\/\/sp8tg.pl\/web\/wp-json\/wp\/v2\/posts\/4571\/revisions"}],"predecessor-version":[{"id":4592,"href":"https:\/\/sp8tg.pl\/web\/wp-json\/wp\/v2\/posts\/4571\/revisions\/4592"}],"wp:attachment":[{"href":"https:\/\/sp8tg.pl\/web\/wp-json\/wp\/v2\/media?parent=4571"}],"wp:term":[{"taxonomy":"category","embeddable":true,"href":"https:\/\/sp8tg.pl\/web\/wp-json\/wp\/v2\/categories?post=4571"},{"taxonomy":"post_tag","embeddable":true,"href":"https:\/\/sp8tg.pl\/web\/wp-json\/wp\/v2\/tags?post=4571"}],"curies":[{"name":"wp","href":"https:\/\/api.w.org\/{rel}","templated":true}]}}