{"id":3732,"date":"2016-09-06T21:59:55","date_gmt":"2016-09-06T19:59:55","guid":{"rendered":"http:\/\/gim4.tgory.pl\/web\/?p=3732"},"modified":"2016-09-07T23:23:24","modified_gmt":"2016-09-07T21:23:24","slug":"zebranie-z-rodzicami","status":"publish","type":"post","link":"https:\/\/sp8tg.pl\/web\/zebranie-z-rodzicami\/","title":{"rendered":"Zebranie z Rodzicami"},"content":{"rendered":"<p>Dnia 13 wrze\u015bnia o godz. 17.00 zapraszamy do naszego gimnazjum wszystkich rodzic\u00f3w na spotkanie z dyrektorem, wychowawcami i nauczycielami. Po zebraniach og\u00f3lnych dyrektor szko\u0142y zaprasza na spotkanie z Rad\u0105 Rodzic\u00f3w.<\/p>\n","protected":false},"excerpt":{"rendered":"<p>Dnia 13 wrze\u015bnia o godz. 17.00 zapraszamy do naszego gimnazjum wszystkich rodzic\u00f3w na spotkanie z dyrektorem, wychowawcami i nauczycielami. Po zebraniach og\u00f3lnych dyrektor szko\u0142y zaprasza na spotkanie z Rad\u0105 Rodzic\u00f3w.<\/p>\n","protected":false},"author":1,"featured_media":0,"comment_status":"closed","ping_status":"closed","sticky":false,"template":"","format":"standard","meta":{"ngg_post_thumbnail":0,"footnotes":""},"categories":[1],"tags":[],"_links":{"self":[{"href":"https:\/\/sp8tg.pl\/web\/wp-json\/wp\/v2\/posts\/3732"}],"collection":[{"href":"https:\/\/sp8tg.pl\/web\/wp-json\/wp\/v2\/posts"}],"about":[{"href":"https:\/\/sp8tg.pl\/web\/wp-json\/wp\/v2\/types\/post"}],"author":[{"embeddable":true,"href":"https:\/\/sp8tg.pl\/web\/wp-json\/wp\/v2\/users\/1"}],"replies":[{"embeddable":true,"href":"https:\/\/sp8tg.pl\/web\/wp-json\/wp\/v2\/comments?post=3732"}],"version-history":[{"count":3,"href":"https:\/\/sp8tg.pl\/web\/wp-json\/wp\/v2\/posts\/3732\/revisions"}],"predecessor-version":[{"id":3847,"href":"https:\/\/sp8tg.pl\/web\/wp-json\/wp\/v2\/posts\/3732\/revisions\/3847"}],"wp:attachment":[{"href":"https:\/\/sp8tg.pl\/web\/wp-json\/wp\/v2\/media?parent=3732"}],"wp:term":[{"taxonomy":"category","embeddable":true,"href":"https:\/\/sp8tg.pl\/web\/wp-json\/wp\/v2\/categories?post=3732"},{"taxonomy":"post_tag","embeddable":true,"href":"https:\/\/sp8tg.pl\/web\/wp-json\/wp\/v2\/tags?post=3732"}],"curies":[{"name":"wp","href":"https:\/\/api.w.org\/{rel}","templated":true}]}}