{"id":3729,"date":"2016-09-06T21:45:50","date_gmt":"2016-09-06T19:45:50","guid":{"rendered":"http:\/\/gim4.tgory.pl\/web\/?p=3729"},"modified":"2016-09-06T21:46:03","modified_gmt":"2016-09-06T19:46:03","slug":"catering-w-naszym-gimnazjum","status":"publish","type":"post","link":"https:\/\/sp8tg.pl\/web\/catering-w-naszym-gimnazjum\/","title":{"rendered":"Catering w naszym gimnazjum :)"},"content":{"rendered":"<p>W naszej szkole planujemy we wrze\u015bniu uruchomi\u0107 catering &#8211; -zainteresowanych b\u0119dziemy na bie\u017c\u0105co informowa\u0107.<\/p>\n","protected":false},"excerpt":{"rendered":"<p>W naszej szkole planujemy we wrze\u015bniu uruchomi\u0107 catering &#8211; -zainteresowanych b\u0119dziemy na bie\u017c\u0105co informowa\u0107.<\/p>\n","protected":false},"author":1,"featured_media":0,"comment_status":"closed","ping_status":"closed","sticky":false,"template":"","format":"standard","meta":{"ngg_post_thumbnail":0,"footnotes":""},"categories":[1],"tags":[],"_links":{"self":[{"href":"https:\/\/sp8tg.pl\/web\/wp-json\/wp\/v2\/posts\/3729"}],"collection":[{"href":"https:\/\/sp8tg.pl\/web\/wp-json\/wp\/v2\/posts"}],"about":[{"href":"https:\/\/sp8tg.pl\/web\/wp-json\/wp\/v2\/types\/post"}],"author":[{"embeddable":true,"href":"https:\/\/sp8tg.pl\/web\/wp-json\/wp\/v2\/users\/1"}],"replies":[{"embeddable":true,"href":"https:\/\/sp8tg.pl\/web\/wp-json\/wp\/v2\/comments?post=3729"}],"version-history":[{"count":1,"href":"https:\/\/sp8tg.pl\/web\/wp-json\/wp\/v2\/posts\/3729\/revisions"}],"predecessor-version":[{"id":3730,"href":"https:\/\/sp8tg.pl\/web\/wp-json\/wp\/v2\/posts\/3729\/revisions\/3730"}],"wp:attachment":[{"href":"https:\/\/sp8tg.pl\/web\/wp-json\/wp\/v2\/media?parent=3729"}],"wp:term":[{"taxonomy":"category","embeddable":true,"href":"https:\/\/sp8tg.pl\/web\/wp-json\/wp\/v2\/categories?post=3729"},{"taxonomy":"post_tag","embeddable":true,"href":"https:\/\/sp8tg.pl\/web\/wp-json\/wp\/v2\/tags?post=3729"}],"curies":[{"name":"wp","href":"https:\/\/api.w.org\/{rel}","templated":true}]}}