{"id":18444,"date":"2025-01-10T16:00:07","date_gmt":"2025-01-10T15:00:07","guid":{"rendered":"https:\/\/sp8tg.pl\/web\/?p=18444"},"modified":"2025-01-10T16:04:02","modified_gmt":"2025-01-10T15:04:02","slug":"akcja-zima-w-miescie-2025-w-sp8","status":"publish","type":"post","link":"https:\/\/sp8tg.pl\/web\/akcja-zima-w-miescie-2025-w-sp8\/","title":{"rendered":"Akcja &#8222;Zima w mie\u015bcie 2025&#8221; w SP8"},"content":{"rendered":"\n<p><img loading=\"lazy\" decoding=\"async\" height=\"16\" width=\"16\" src=\"https:\/\/static.xx.fbcdn.net\/images\/emoji.php\/v9\/t39\/1\/16\/1f4e2.png\" alt=\"\ud83d\udce2\"> <strong>Zapraszamy na bezp\u0142atne p\u00f3\u0142kolonie zimowe!<\/strong> <img loading=\"lazy\" decoding=\"async\" height=\"16\" width=\"16\" src=\"https:\/\/static.xx.fbcdn.net\/images\/emoji.php\/v9\/t2e\/1\/16\/2744.png\" alt=\"\u2744\ufe0f\"><\/p>\n\n\n\n<p><strong>Szko\u0142a organizuje bezp\u0142atne p\u00f3\u0142kolonie w ramach akcji \u201cZima w mie\u015bcie 2025\u201d!<\/strong><\/p>\n\n\n\n<p><strong><img loading=\"lazy\" decoding=\"async\" height=\"16\" width=\"16\" src=\"https:\/\/static.xx.fbcdn.net\/images\/emoji.php\/v9\/t5c\/1\/16\/1f5d3.png\" alt=\"\ud83d\uddd3\"> Termin: 17.02\u201321.02.2025<\/strong><\/p>\n\n\n\n<p><strong><img loading=\"lazy\" decoding=\"async\" height=\"16\" width=\"16\" src=\"https:\/\/static.xx.fbcdn.net\/images\/emoji.php\/v9\/tb0\/1\/16\/1f558.png\" alt=\"\ud83d\udd58\">Godziny: 9:00\u201314:00<\/strong><\/p>\n\n\n\n<p><strong><img loading=\"lazy\" decoding=\"async\" height=\"16\" width=\"16\" src=\"https:\/\/static.xx.fbcdn.net\/images\/emoji.php\/v9\/t2d\/1\/16\/1f4cd.png\" alt=\"\ud83d\udccd\"> Miejsce: SP8<\/strong><\/p>\n\n\n\n<p><strong><img loading=\"lazy\" decoding=\"async\" height=\"16\" width=\"16\" src=\"https:\/\/static.xx.fbcdn.net\/images\/emoji.php\/v9\/t9e\/1\/16\/27a1.png\" alt=\"\u27a1\ufe0f\"> Sk\u0142adanie kart kwalifikacyjnych:<\/strong><\/p>\n\n\n\n<p><strong>w sekretariacie szko\u0142y od 15 stycznia<\/strong> <strong>2025 r. (godziny pracy sekretariatu &#8211; 7.00 &#8211; 15.00)<\/strong><\/p>\n\n\n\n<p><strong><img loading=\"lazy\" decoding=\"async\" height=\"16\" width=\"16\" src=\"https:\/\/static.xx.fbcdn.net\/images\/emoji.php\/v9\/tdc\/1\/16\/26a0.png\" alt=\"\u26a0\ufe0f\"> Liczba miejsc ograniczona!<\/strong><\/p>\n\n\n\n<p><strong>Nie przegapcie tej okazji \u2013 zapewniamy mn\u00f3stwo atrakcji i \u015bwietn\u0105 zabaw\u0119! <img loading=\"lazy\" decoding=\"async\" height=\"16\" width=\"16\" src=\"https:\/\/static.xx.fbcdn.net\/images\/emoji.php\/v9\/t8c\/1\/16\/1f389.png\" alt=\"\ud83c\udf89\"><\/strong><\/p>\n\n\n<div class=\"wp-block-image\">\n<figure class=\"aligncenter size-large is-resized\"><img loading=\"lazy\" decoding=\"async\" width=\"1024\" height=\"694\" src=\"https:\/\/sp8tg.pl\/web\/wp-content\/uploads\/2025\/01\/472867130_1116124863638758_3082684642861152325_n-1024x694.jpg\" alt=\"\" class=\"wp-image-18445\" style=\"width:537px;height:auto\" srcset=\"https:\/\/sp8tg.pl\/web\/wp-content\/uploads\/2025\/01\/472867130_1116124863638758_3082684642861152325_n-1024x694.jpg 1024w, https:\/\/sp8tg.pl\/web\/wp-content\/uploads\/2025\/01\/472867130_1116124863638758_3082684642861152325_n-300x203.jpg 300w, https:\/\/sp8tg.pl\/web\/wp-content\/uploads\/2025\/01\/472867130_1116124863638758_3082684642861152325_n-768x520.jpg 768w, https:\/\/sp8tg.pl\/web\/wp-content\/uploads\/2025\/01\/472867130_1116124863638758_3082684642861152325_n.jpg 1125w\" sizes=\"(max-width: 709px) 85vw, (max-width: 909px) 67vw, (max-width: 1362px) 62vw, 840px\" \/><\/figure><\/div>\n\n\n<p>Karta kwalifikacyjna uczestnika wypoczynku:<\/p>\n\n\n\n<div data-wp-interactive=\"core\/file\" class=\"wp-block-file\"><object data-wp-bind--hidden=\"!state.hasPdfPreview\"  class=\"wp-block-file__embed\" data=\"https:\/\/sp8tg.pl\/web\/wp-content\/uploads\/2025\/01\/karta-kwalifikacyjna-uczestnika-wypoczynku-2025.pdf\" type=\"application\/pdf\" style=\"width:100%;height:600px\" aria-label=\"Osadzone z karta-kwalifikacyjna-uczestnika-wypoczynku-2025.\"><\/object><a id=\"wp-block-file--media-7dbf6fc3-bed4-4295-b1f5-a352bdc3ef10\" href=\"https:\/\/sp8tg.pl\/web\/wp-content\/uploads\/2025\/01\/karta-kwalifikacyjna-uczestnika-wypoczynku-2025.pdf\">karta-kwalifikacyjna-uczestnika-wypoczynku-2025<\/a><a href=\"https:\/\/sp8tg.pl\/web\/wp-content\/uploads\/2025\/01\/karta-kwalifikacyjna-uczestnika-wypoczynku-2025.pdf\" class=\"wp-block-file__button wp-element-button\" download aria-describedby=\"wp-block-file--media-7dbf6fc3-bed4-4295-b1f5-a352bdc3ef10\">Pobierz<\/a><\/div>\n\n\n\n<p class=\"has-text-align-center\"><strong>Serdecznie zapraszamy!<\/strong><\/p>\n","protected":false},"excerpt":{"rendered":"<p>Zapraszamy na bezp\u0142atne p\u00f3\u0142kolonie zimowe! Szko\u0142a organizuje bezp\u0142atne p\u00f3\u0142kolonie w ramach akcji \u201cZima w mie\u015bcie 2025\u201d! Termin: 17.02\u201321.02.2025 Godziny: 9:00\u201314:00 Miejsce: SP8 Sk\u0142adanie kart kwalifikacyjnych: w sekretariacie szko\u0142y od 15 stycznia 2025 r. (godziny pracy sekretariatu &#8211; 7.00 &#8211; 15.00) Liczba miejsc ograniczona! Nie przegapcie tej okazji \u2013 zapewniamy mn\u00f3stwo atrakcji i \u015bwietn\u0105 zabaw\u0119! Karta &hellip; <a href=\"https:\/\/sp8tg.pl\/web\/akcja-zima-w-miescie-2025-w-sp8\/\" class=\"more-link\">Czytaj dalej<span class=\"screen-reader-text\"> \u201eAkcja &#8222;Zima w mie\u015bcie 2025&#8221; w SP8\u201d<\/span><\/a><\/p>\n","protected":false},"author":1,"featured_media":0,"comment_status":"closed","ping_status":"closed","sticky":false,"template":"","format":"standard","meta":{"ngg_post_thumbnail":0,"footnotes":""},"categories":[1],"tags":[],"_links":{"self":[{"href":"https:\/\/sp8tg.pl\/web\/wp-json\/wp\/v2\/posts\/18444"}],"collection":[{"href":"https:\/\/sp8tg.pl\/web\/wp-json\/wp\/v2\/posts"}],"about":[{"href":"https:\/\/sp8tg.pl\/web\/wp-json\/wp\/v2\/types\/post"}],"author":[{"embeddable":true,"href":"https:\/\/sp8tg.pl\/web\/wp-json\/wp\/v2\/users\/1"}],"replies":[{"embeddable":true,"href":"https:\/\/sp8tg.pl\/web\/wp-json\/wp\/v2\/comments?post=18444"}],"version-history":[{"count":3,"href":"https:\/\/sp8tg.pl\/web\/wp-json\/wp\/v2\/posts\/18444\/revisions"}],"predecessor-version":[{"id":18449,"href":"https:\/\/sp8tg.pl\/web\/wp-json\/wp\/v2\/posts\/18444\/revisions\/18449"}],"wp:attachment":[{"href":"https:\/\/sp8tg.pl\/web\/wp-json\/wp\/v2\/media?parent=18444"}],"wp:term":[{"taxonomy":"category","embeddable":true,"href":"https:\/\/sp8tg.pl\/web\/wp-json\/wp\/v2\/categories?post=18444"},{"taxonomy":"post_tag","embeddable":true,"href":"https:\/\/sp8tg.pl\/web\/wp-json\/wp\/v2\/tags?post=18444"}],"curies":[{"name":"wp","href":"https:\/\/api.w.org\/{rel}","templated":true}]}}