{"id":17898,"date":"2024-08-09T13:40:18","date_gmt":"2024-08-09T11:40:18","guid":{"rendered":"https:\/\/sp8tg.pl\/web\/?p=17898"},"modified":"2024-08-09T13:40:18","modified_gmt":"2024-08-09T11:40:18","slug":"komunikat-dotyczacy-obiadow-szkolnych","status":"publish","type":"post","link":"https:\/\/sp8tg.pl\/web\/komunikat-dotyczacy-obiadow-szkolnych\/","title":{"rendered":"Komunikat dotycz\u0105cy obiad\u00f3w szkolnych"},"content":{"rendered":"\n<p><strong>Szanowni Rodzice,<\/strong><\/p>\n\n\n\n<p><strong>od dnia 19 sierpnia 2024 r. istnieje mo\u017cliwo\u015b\u0107 sk\u0142adania uzupe\u0142nionych deklaracji obiadowych na rok szkolny 2024\/2025 (do grudnia 2024 r.) w sekretariacie szko\u0142y (godziny pracy: 7.00-15.00). Obiady dla dzieci b\u0119d\u0105 zapewnione od wtorku 03 wrze\u015bnia 2024 r. <\/strong><\/p>\n\n\n\n<p>                                                                                                                                    <strong>Zapraszamy \ud83d\ude42<\/strong><\/p>\n\n\n\n<div data-wp-interactive=\"core\/file\" class=\"wp-block-file\"><object data-wp-bind--hidden=\"!state.hasPdfPreview\"  class=\"wp-block-file__embed\" data=\"https:\/\/sp8tg.pl\/web\/wp-content\/uploads\/2024\/08\/deklaracja-korzystania-z-obiadow-2024-r.pdf\" type=\"application\/pdf\" style=\"width:100%;height:600px\" aria-label=\"Osadzone z deklaracja-korzystania-z-obiadow-2024-r.\"><\/object><a id=\"wp-block-file--media-842920d8-7168-4ba8-b0cc-3ea1012c705f\" href=\"https:\/\/sp8tg.pl\/web\/wp-content\/uploads\/2024\/08\/deklaracja-korzystania-z-obiadow-2024-r.pdf\">deklaracja-korzystania-z-obiadow-2024-r<\/a><a href=\"https:\/\/sp8tg.pl\/web\/wp-content\/uploads\/2024\/08\/deklaracja-korzystania-z-obiadow-2024-r.pdf\" class=\"wp-block-file__button wp-element-button\" download aria-describedby=\"wp-block-file--media-842920d8-7168-4ba8-b0cc-3ea1012c705f\">Pobierz<\/a><\/div>\n","protected":false},"excerpt":{"rendered":"<p>Szanowni Rodzice, od dnia 19 sierpnia 2024 r. istnieje mo\u017cliwo\u015b\u0107 sk\u0142adania uzupe\u0142nionych deklaracji obiadowych na rok szkolny 2024\/2025 (do grudnia 2024 r.) w sekretariacie szko\u0142y (godziny pracy: 7.00-15.00). Obiady dla dzieci b\u0119d\u0105 zapewnione od wtorku 03 wrze\u015bnia 2024 r. Zapraszamy \ud83d\ude42<\/p>\n","protected":false},"author":1,"featured_media":0,"comment_status":"closed","ping_status":"closed","sticky":false,"template":"","format":"standard","meta":{"ngg_post_thumbnail":0,"footnotes":""},"categories":[1],"tags":[],"_links":{"self":[{"href":"https:\/\/sp8tg.pl\/web\/wp-json\/wp\/v2\/posts\/17898"}],"collection":[{"href":"https:\/\/sp8tg.pl\/web\/wp-json\/wp\/v2\/posts"}],"about":[{"href":"https:\/\/sp8tg.pl\/web\/wp-json\/wp\/v2\/types\/post"}],"author":[{"embeddable":true,"href":"https:\/\/sp8tg.pl\/web\/wp-json\/wp\/v2\/users\/1"}],"replies":[{"embeddable":true,"href":"https:\/\/sp8tg.pl\/web\/wp-json\/wp\/v2\/comments?post=17898"}],"version-history":[{"count":1,"href":"https:\/\/sp8tg.pl\/web\/wp-json\/wp\/v2\/posts\/17898\/revisions"}],"predecessor-version":[{"id":17900,"href":"https:\/\/sp8tg.pl\/web\/wp-json\/wp\/v2\/posts\/17898\/revisions\/17900"}],"wp:attachment":[{"href":"https:\/\/sp8tg.pl\/web\/wp-json\/wp\/v2\/media?parent=17898"}],"wp:term":[{"taxonomy":"category","embeddable":true,"href":"https:\/\/sp8tg.pl\/web\/wp-json\/wp\/v2\/categories?post=17898"},{"taxonomy":"post_tag","embeddable":true,"href":"https:\/\/sp8tg.pl\/web\/wp-json\/wp\/v2\/tags?post=17898"}],"curies":[{"name":"wp","href":"https:\/\/api.w.org\/{rel}","templated":true}]}}