{"id":15020,"date":"2021-11-12T09:53:35","date_gmt":"2021-11-12T08:53:35","guid":{"rendered":"https:\/\/sp8tg.pl\/web\/?p=15020"},"modified":"2021-11-12T09:53:35","modified_gmt":"2021-11-12T08:53:35","slug":"znicz-dla-ulanow-z-okazji-narodowego-swieta-niepodleglosci","status":"publish","type":"post","link":"https:\/\/sp8tg.pl\/web\/znicz-dla-ulanow-z-okazji-narodowego-swieta-niepodleglosci\/","title":{"rendered":"Znicz dla U\u0142an\u00f3w z okazji Narodowego \u015awi\u0119ta Niepodleg\u0142o\u015bci"},"content":{"rendered":"\n<p><strong>Nasza szko\u0142a SP 8 w Tarnowskich G\u00f3rach nosi imi\u0119 PU\u0141KU 3.U\u0141AN\u00d3W \u015aL\u0104SKICH &#8211;  to zobowi\u0105zuje do pami\u0119ci o tych, kt\u00f3rzy walczyli o nasz\u0105 wolno\u015b\u0107. Uczniowie przynie\u015bli znicze dla U\u0142an\u00f3w. A w dniu Narodowego \u015awi\u0119ta Niepodleg\u0142o\u015bci te \u015bwiate\u0142ka pami\u0119ci zapalili na grobach u\u0142an\u00f3w nauczyciele historii naszej szko\u0142y.<br>,,Cz\u0119\u015b\u0107 pami\u0119ci u\u0142an\u00f3w Pu\u0142ku 3.U\u0142an\u00f3w \u015al\u0105skich&#8221;<\/strong><\/p>\n\n\n\n<div class=\"wp-block-image\"><figure class=\"aligncenter size-full is-resized\"><img loading=\"lazy\" decoding=\"async\" src=\"https:\/\/sp8tg.pl\/web\/wp-content\/uploads\/2021\/11\/u1.jpg\" alt=\"\" class=\"wp-image-15021\" width=\"310\" height=\"413\" srcset=\"https:\/\/sp8tg.pl\/web\/wp-content\/uploads\/2021\/11\/u1.jpg 720w, https:\/\/sp8tg.pl\/web\/wp-content\/uploads\/2021\/11\/u1-225x300.jpg 225w\" sizes=\"(max-width: 310px) 85vw, 310px\" \/><\/figure><\/div>\n\n\n\n<div class=\"wp-block-image\"><figure class=\"aligncenter size-full is-resized\"><img loading=\"lazy\" decoding=\"async\" src=\"https:\/\/sp8tg.pl\/web\/wp-content\/uploads\/2021\/11\/u3.jpg\" alt=\"\" class=\"wp-image-15022\" width=\"317\" height=\"423\" srcset=\"https:\/\/sp8tg.pl\/web\/wp-content\/uploads\/2021\/11\/u3.jpg 720w, https:\/\/sp8tg.pl\/web\/wp-content\/uploads\/2021\/11\/u3-225x300.jpg 225w\" sizes=\"(max-width: 317px) 85vw, 317px\" \/><\/figure><\/div>\n","protected":false},"excerpt":{"rendered":"<p>Nasza szko\u0142a SP 8 w Tarnowskich G\u00f3rach nosi imi\u0119 PU\u0141KU 3.U\u0141AN\u00d3W \u015aL\u0104SKICH &#8211; to zobowi\u0105zuje do pami\u0119ci o tych, kt\u00f3rzy walczyli o nasz\u0105 wolno\u015b\u0107. Uczniowie przynie\u015bli znicze dla U\u0142an\u00f3w. A w dniu Narodowego \u015awi\u0119ta Niepodleg\u0142o\u015bci te \u015bwiate\u0142ka pami\u0119ci zapalili na grobach u\u0142an\u00f3w nauczyciele historii naszej szko\u0142y.,,Cz\u0119\u015b\u0107 pami\u0119ci u\u0142an\u00f3w Pu\u0142ku 3.U\u0142an\u00f3w \u015al\u0105skich&#8221;<\/p>\n","protected":false},"author":1,"featured_media":0,"comment_status":"closed","ping_status":"closed","sticky":false,"template":"","format":"standard","meta":{"ngg_post_thumbnail":0,"footnotes":""},"categories":[1],"tags":[],"_links":{"self":[{"href":"https:\/\/sp8tg.pl\/web\/wp-json\/wp\/v2\/posts\/15020"}],"collection":[{"href":"https:\/\/sp8tg.pl\/web\/wp-json\/wp\/v2\/posts"}],"about":[{"href":"https:\/\/sp8tg.pl\/web\/wp-json\/wp\/v2\/types\/post"}],"author":[{"embeddable":true,"href":"https:\/\/sp8tg.pl\/web\/wp-json\/wp\/v2\/users\/1"}],"replies":[{"embeddable":true,"href":"https:\/\/sp8tg.pl\/web\/wp-json\/wp\/v2\/comments?post=15020"}],"version-history":[{"count":1,"href":"https:\/\/sp8tg.pl\/web\/wp-json\/wp\/v2\/posts\/15020\/revisions"}],"predecessor-version":[{"id":15023,"href":"https:\/\/sp8tg.pl\/web\/wp-json\/wp\/v2\/posts\/15020\/revisions\/15023"}],"wp:attachment":[{"href":"https:\/\/sp8tg.pl\/web\/wp-json\/wp\/v2\/media?parent=15020"}],"wp:term":[{"taxonomy":"category","embeddable":true,"href":"https:\/\/sp8tg.pl\/web\/wp-json\/wp\/v2\/categories?post=15020"},{"taxonomy":"post_tag","embeddable":true,"href":"https:\/\/sp8tg.pl\/web\/wp-json\/wp\/v2\/tags?post=15020"}],"curies":[{"name":"wp","href":"https:\/\/api.w.org\/{rel}","templated":true}]}}