{"id":14651,"date":"2021-09-03T14:13:42","date_gmt":"2021-09-03T12:13:42","guid":{"rendered":"https:\/\/sp8tg.pl\/web\/?p=14651"},"modified":"2021-09-15T10:23:51","modified_gmt":"2021-09-15T08:23:51","slug":"spotkanie-wychowawcow-z-rodzicami-2","status":"publish","type":"post","link":"https:\/\/sp8tg.pl\/web\/spotkanie-wychowawcow-z-rodzicami-2\/","title":{"rendered":"Spotkanie wychowawc\u00f3w z rodzicami"},"content":{"rendered":"\n<div class=\"wp-block-image\"><figure class=\"aligncenter size-large is-resized\"><img loading=\"lazy\" decoding=\"async\" src=\"https:\/\/sp8tg.pl\/web\/wp-content\/uploads\/2018\/09\/6.png\" alt=\"\" class=\"wp-image-8956\" width=\"196\" height=\"169\" srcset=\"https:\/\/sp8tg.pl\/web\/wp-content\/uploads\/2018\/09\/6.png 834w, https:\/\/sp8tg.pl\/web\/wp-content\/uploads\/2018\/09\/6-300x259.png 300w, https:\/\/sp8tg.pl\/web\/wp-content\/uploads\/2018\/09\/6-768x663.png 768w\" sizes=\"(max-width: 196px) 85vw, 196px\" \/><\/figure><\/div>\n\n\n\n<p><strong>Szanowni Rodzice<\/strong>, <\/p>\n\n\n\n<p><strong>zapraszamy na spotkanie z wychowawcami, kt\u00f3re odb\u0119dzie si\u0119 we wtorek (07.09.2021 r.) wed\u0142ug zamieszczonego poni\u017cej harmonogramu:<\/strong><\/p>\n\n\n\n<div class=\"wp-block-file\"><a href=\"https:\/\/sp8tg.pl\/web\/wp-content\/uploads\/2021\/09\/Harmonogram-spotkan-wychowawcow-z-rodzicami-w-dniu-7-wrzesnia-2021-r.pdf\">Harmonogram-spotkan-wychowawcow-z-rodzicami-w-dniu-7-wrzesnia-2021-r<\/a><a href=\"https:\/\/sp8tg.pl\/web\/wp-content\/uploads\/2021\/09\/Harmonogram-spotkan-wychowawcow-z-rodzicami-w-dniu-7-wrzesnia-2021-r.pdf\" class=\"wp-block-file__button\" download>Pobierz<\/a><\/div>\n\n\n\n<p><strong>Przypominamy, \u017ce obowi\u0105zuje re\u017cim sanitarny i przy wej\u015bciu do szko\u0142y nale\u017cy w\u0142o\u017cy\u0107 mask\u0119 i zdezynfekowa\u0107 d\u0142onie.<\/strong><\/p>\n\n\n\n<p><strong>W tym czasie b\u0119d\u0105 otwarte trzy wej\u015bcia do szko\u0142y: g\u0142\u00f3wne (od strony parkingu), drugie &#8211; od strony boiska szkolnego oraz wej\u015bcie przy \u015bwietlicy szkolnej.<\/strong><\/p>\n\n\n\n<p class=\"has-text-align-right\"><strong>Zapraszamy.<\/strong><\/p>\n\n\n\n<p><strong>Szczeg\u00f3\u0142owe informacje dotycz\u0105ce ubezpieczenia uczni\u00f3w w roku szkolnym 2021\/2022 znajduj\u0105 si\u0119 w:<\/strong><\/p>\n\n\n\n<p><strong>Dla Rodzic\u00f3w &#8211; ubezpieczenie uczni\u00f3w.<\/strong><\/p>\n","protected":false},"excerpt":{"rendered":"<p>Szanowni Rodzice, zapraszamy na spotkanie z wychowawcami, kt\u00f3re odb\u0119dzie si\u0119 we wtorek (07.09.2021 r.) wed\u0142ug zamieszczonego poni\u017cej harmonogramu: Przypominamy, \u017ce obowi\u0105zuje re\u017cim sanitarny i przy wej\u015bciu do szko\u0142y nale\u017cy w\u0142o\u017cy\u0107 mask\u0119 i zdezynfekowa\u0107 d\u0142onie. W tym czasie b\u0119d\u0105 otwarte trzy wej\u015bcia do szko\u0142y: g\u0142\u00f3wne (od strony parkingu), drugie &#8211; od strony boiska szkolnego oraz wej\u015bcie &hellip; <a href=\"https:\/\/sp8tg.pl\/web\/spotkanie-wychowawcow-z-rodzicami-2\/\" class=\"more-link\">Czytaj dalej<span class=\"screen-reader-text\"> \u201eSpotkanie wychowawc\u00f3w z rodzicami\u201d<\/span><\/a><\/p>\n","protected":false},"author":1,"featured_media":0,"comment_status":"closed","ping_status":"closed","sticky":false,"template":"","format":"standard","meta":{"ngg_post_thumbnail":0,"footnotes":""},"categories":[1],"tags":[],"_links":{"self":[{"href":"https:\/\/sp8tg.pl\/web\/wp-json\/wp\/v2\/posts\/14651"}],"collection":[{"href":"https:\/\/sp8tg.pl\/web\/wp-json\/wp\/v2\/posts"}],"about":[{"href":"https:\/\/sp8tg.pl\/web\/wp-json\/wp\/v2\/types\/post"}],"author":[{"embeddable":true,"href":"https:\/\/sp8tg.pl\/web\/wp-json\/wp\/v2\/users\/1"}],"replies":[{"embeddable":true,"href":"https:\/\/sp8tg.pl\/web\/wp-json\/wp\/v2\/comments?post=14651"}],"version-history":[{"count":6,"href":"https:\/\/sp8tg.pl\/web\/wp-json\/wp\/v2\/posts\/14651\/revisions"}],"predecessor-version":[{"id":14679,"href":"https:\/\/sp8tg.pl\/web\/wp-json\/wp\/v2\/posts\/14651\/revisions\/14679"}],"wp:attachment":[{"href":"https:\/\/sp8tg.pl\/web\/wp-json\/wp\/v2\/media?parent=14651"}],"wp:term":[{"taxonomy":"category","embeddable":true,"href":"https:\/\/sp8tg.pl\/web\/wp-json\/wp\/v2\/categories?post=14651"},{"taxonomy":"post_tag","embeddable":true,"href":"https:\/\/sp8tg.pl\/web\/wp-json\/wp\/v2\/tags?post=14651"}],"curies":[{"name":"wp","href":"https:\/\/api.w.org\/{rel}","templated":true}]}}