{"id":14563,"date":"2021-07-06T14:43:33","date_gmt":"2021-07-06T12:43:33","guid":{"rendered":"https:\/\/sp8tg.pl\/web\/?p=14563"},"modified":"2021-07-06T15:02:06","modified_gmt":"2021-07-06T13:02:06","slug":"zdjeciowa-relacja-z-letnich-polkolonii","status":"publish","type":"post","link":"https:\/\/sp8tg.pl\/web\/zdjeciowa-relacja-z-letnich-polkolonii\/","title":{"rendered":"Jak to by\u0142o na letnich p\u00f3\u0142koloniach w SP8 ?"},"content":{"rendered":"\n<p class=\"has-text-align-center\"><strong>P\u00d3\u0141KOLONIE LETNIE &#8211; w naszej szkole trwa\u0142y od 28.06.2021 r. do 02.07.2021r. <\/strong><\/p>\n\n\n\n<p class=\"has-text-align-center\"><strong>Ka\u017cdego dnia przygotowano r\u00f3\u017cne atrakcje<\/strong> &#8211; <strong>a jakie ? SAMI SPRAWD\u0179CIE<\/strong> \ud83d\ude42<\/p>\n\n\n\n<p class=\"has-text-align-center\"><strong>Poniedzia\u0142ek \u2013 Zwiedzanie Kopalni Zabytkowej i Skansenu Maszyn Parowych, przeja\u017cd\u017cka ciuchci\u0105<\/strong>.<\/p>\n\n\n\n<div class=\"wp-block-image\"><figure class=\"aligncenter size-large is-resized\"><img loading=\"lazy\" decoding=\"async\" src=\"https:\/\/sp8tg.pl\/web\/wp-content\/uploads\/2021\/07\/d1-1024x1024.jpg\" alt=\"\" class=\"wp-image-14564\" width=\"689\" height=\"689\" srcset=\"https:\/\/sp8tg.pl\/web\/wp-content\/uploads\/2021\/07\/d1-1024x1024.jpg 1024w, https:\/\/sp8tg.pl\/web\/wp-content\/uploads\/2021\/07\/d1-300x300.jpg 300w, https:\/\/sp8tg.pl\/web\/wp-content\/uploads\/2021\/07\/d1-150x150.jpg 150w, https:\/\/sp8tg.pl\/web\/wp-content\/uploads\/2021\/07\/d1-768x768.jpg 768w, https:\/\/sp8tg.pl\/web\/wp-content\/uploads\/2021\/07\/d1-1200x1200.jpg 1200w, https:\/\/sp8tg.pl\/web\/wp-content\/uploads\/2021\/07\/d1.jpg 1440w\" sizes=\"(max-width: 709px) 85vw, (max-width: 909px) 67vw, (max-width: 984px) 61vw, (max-width: 1362px) 45vw, 600px\" \/><\/figure><\/div>\n\n\n\n<p class=\"has-text-align-center\"><strong>Wtorek &#8211; Wyjazd do Parku Wodnego i na \u015bciank\u0119 wspinaczkow\u0105, malowanie wakacyjnego obrazka.<\/strong><\/p>\n\n\n\n<div class=\"wp-block-image\"><figure class=\"aligncenter size-large is-resized\"><img loading=\"lazy\" decoding=\"async\" src=\"https:\/\/sp8tg.pl\/web\/wp-content\/uploads\/2021\/07\/d2-1024x1024.jpg\" alt=\"\" class=\"wp-image-14565\" width=\"679\" height=\"679\" srcset=\"https:\/\/sp8tg.pl\/web\/wp-content\/uploads\/2021\/07\/d2-1024x1024.jpg 1024w, https:\/\/sp8tg.pl\/web\/wp-content\/uploads\/2021\/07\/d2-300x300.jpg 300w, https:\/\/sp8tg.pl\/web\/wp-content\/uploads\/2021\/07\/d2-150x150.jpg 150w, https:\/\/sp8tg.pl\/web\/wp-content\/uploads\/2021\/07\/d2-768x768.jpg 768w, https:\/\/sp8tg.pl\/web\/wp-content\/uploads\/2021\/07\/d2-1200x1200.jpg 1200w, https:\/\/sp8tg.pl\/web\/wp-content\/uploads\/2021\/07\/d2.jpg 1440w\" sizes=\"(max-width: 709px) 85vw, (max-width: 909px) 67vw, (max-width: 984px) 61vw, (max-width: 1362px) 45vw, 600px\" \/><\/figure><\/div>\n\n\n\n<p class=\"has-text-align-center\"><strong>\u015aroda &#8211; Obejrzenie filmu ,,Jak powstaj\u0105 sny\u201d w TCK oraz zwiedzenie \u015bcie\u017cki edukacyjnej mBanku.<\/strong><\/p>\n\n\n\n<div class=\"wp-block-image\"><figure class=\"aligncenter size-large is-resized\"><img loading=\"lazy\" decoding=\"async\" src=\"https:\/\/sp8tg.pl\/web\/wp-content\/uploads\/2021\/07\/dz3-768x1024.jpg\" alt=\"\" class=\"wp-image-14566\" width=\"664\" height=\"885\" srcset=\"https:\/\/sp8tg.pl\/web\/wp-content\/uploads\/2021\/07\/dz3-768x1023.jpg 768w, https:\/\/sp8tg.pl\/web\/wp-content\/uploads\/2021\/07\/dz3-225x300.jpg 225w, https:\/\/sp8tg.pl\/web\/wp-content\/uploads\/2021\/07\/dz3-1153x1536.jpg 1153w, https:\/\/sp8tg.pl\/web\/wp-content\/uploads\/2021\/07\/dz3.jpg 1200w\" sizes=\"(max-width: 709px) 85vw, (max-width: 909px) 67vw, (max-width: 984px) 61vw, (max-width: 1362px) 45vw, 600px\" \/><\/figure><\/div>\n\n\n\n<p class=\"has-text-align-center\"><strong>Czwartek &#8211; Podchody z gromad\u0105 zuchow\u0105 &#8222;Z\u0142ote rybki&#8221;, gry planszowe i karciane, lody i lemoniada<\/strong>.<\/p>\n\n\n\n<div class=\"wp-block-image\"><figure class=\"aligncenter size-large is-resized\"><img loading=\"lazy\" decoding=\"async\" src=\"https:\/\/sp8tg.pl\/web\/wp-content\/uploads\/2021\/07\/d4-1024x1024.jpg\" alt=\"\" class=\"wp-image-14567\" width=\"665\" height=\"665\" srcset=\"https:\/\/sp8tg.pl\/web\/wp-content\/uploads\/2021\/07\/d4-1024x1024.jpg 1024w, https:\/\/sp8tg.pl\/web\/wp-content\/uploads\/2021\/07\/d4-300x300.jpg 300w, https:\/\/sp8tg.pl\/web\/wp-content\/uploads\/2021\/07\/d4-150x150.jpg 150w, https:\/\/sp8tg.pl\/web\/wp-content\/uploads\/2021\/07\/d4-768x768.jpg 768w, https:\/\/sp8tg.pl\/web\/wp-content\/uploads\/2021\/07\/d4-1200x1200.jpg 1200w, https:\/\/sp8tg.pl\/web\/wp-content\/uploads\/2021\/07\/d4.jpg 1440w\" sizes=\"(max-width: 709px) 85vw, (max-width: 909px) 67vw, (max-width: 984px) 61vw, (max-width: 1362px) 45vw, 600px\" \/><\/figure><\/div>\n\n\n\n<p class=\"has-text-align-center\"><strong>Pi\u0105tek- Zwiedzanie wystawy interaktywnej i udzia\u0142 w warsztatach w Bajce Pana Kleksa w Katowicach.<\/strong><\/p>\n\n\n\n<div class=\"wp-block-image\"><figure class=\"aligncenter size-large is-resized\"><img loading=\"lazy\" decoding=\"async\" src=\"https:\/\/sp8tg.pl\/web\/wp-content\/uploads\/2021\/07\/d5-723x1024.jpg\" alt=\"\" class=\"wp-image-14568\" width=\"636\" height=\"900\" srcset=\"https:\/\/sp8tg.pl\/web\/wp-content\/uploads\/2021\/07\/d5-723x1024.jpg 723w, https:\/\/sp8tg.pl\/web\/wp-content\/uploads\/2021\/07\/d5-212x300.jpg 212w, https:\/\/sp8tg.pl\/web\/wp-content\/uploads\/2021\/07\/d5-768x1088.jpg 768w, https:\/\/sp8tg.pl\/web\/wp-content\/uploads\/2021\/07\/d5-1084x1536.jpg 1084w, https:\/\/sp8tg.pl\/web\/wp-content\/uploads\/2021\/07\/d5.jpg 1129w\" sizes=\"(max-width: 709px) 85vw, (max-width: 909px) 67vw, (max-width: 984px) 61vw, (max-width: 1362px) 45vw, 600px\" \/><\/figure><\/div>\n\n\n\n<p class=\"has-text-align-center\"><strong>Dzi\u0119kujemy za wsp\u00f3lnie sp\u0119dzony czas. To by\u0142 cudowny turnus, kt\u00f3ry b\u0119dziemy bardzo mi\u0142o wspomina\u0107. Wychowawcami i autorami pi\u0119knych fotek by\u0142y: Katarzyna G\u00f3recka, Katarzyna Feliks, Anna Kijak i Barbara Nickel. Kierownikiem by\u0142a Izabela Bia\u0142ek.<\/strong><\/p>\n\n\n\n<p class=\"has-text-align-center\"><strong>Dzi\u0119kujemy dzieciom za udzia\u0142 w p\u00f3\u0142koloniach w SP8, a Paniom za rzeteln\u0105 prac\u0119 \ud83d\ude42<\/strong><\/p>\n\n\n\n<p class=\"has-text-align-center\"><strong>Udanych wakacji \ud83d\ude42 \ud83d\ude42 \ud83d\ude42<\/strong><\/p>\n","protected":false},"excerpt":{"rendered":"<p>P\u00d3\u0141KOLONIE LETNIE &#8211; w naszej szkole trwa\u0142y od 28.06.2021 r. do 02.07.2021r. Ka\u017cdego dnia przygotowano r\u00f3\u017cne atrakcje &#8211; a jakie ? SAMI SPRAWD\u0179CIE \ud83d\ude42 Poniedzia\u0142ek \u2013 Zwiedzanie Kopalni Zabytkowej i Skansenu Maszyn Parowych, przeja\u017cd\u017cka ciuchci\u0105. Wtorek &#8211; Wyjazd do Parku Wodnego i na \u015bciank\u0119 wspinaczkow\u0105, malowanie wakacyjnego obrazka. \u015aroda &#8211; Obejrzenie filmu ,,Jak powstaj\u0105 sny\u201d &hellip; <a href=\"https:\/\/sp8tg.pl\/web\/zdjeciowa-relacja-z-letnich-polkolonii\/\" class=\"more-link\">Czytaj dalej<span class=\"screen-reader-text\"> \u201eJak to by\u0142o na letnich p\u00f3\u0142koloniach w SP8 ?\u201d<\/span><\/a><\/p>\n","protected":false},"author":1,"featured_media":0,"comment_status":"closed","ping_status":"closed","sticky":false,"template":"","format":"standard","meta":{"ngg_post_thumbnail":0,"footnotes":""},"categories":[1],"tags":[],"_links":{"self":[{"href":"https:\/\/sp8tg.pl\/web\/wp-json\/wp\/v2\/posts\/14563"}],"collection":[{"href":"https:\/\/sp8tg.pl\/web\/wp-json\/wp\/v2\/posts"}],"about":[{"href":"https:\/\/sp8tg.pl\/web\/wp-json\/wp\/v2\/types\/post"}],"author":[{"embeddable":true,"href":"https:\/\/sp8tg.pl\/web\/wp-json\/wp\/v2\/users\/1"}],"replies":[{"embeddable":true,"href":"https:\/\/sp8tg.pl\/web\/wp-json\/wp\/v2\/comments?post=14563"}],"version-history":[{"count":5,"href":"https:\/\/sp8tg.pl\/web\/wp-json\/wp\/v2\/posts\/14563\/revisions"}],"predecessor-version":[{"id":14573,"href":"https:\/\/sp8tg.pl\/web\/wp-json\/wp\/v2\/posts\/14563\/revisions\/14573"}],"wp:attachment":[{"href":"https:\/\/sp8tg.pl\/web\/wp-json\/wp\/v2\/media?parent=14563"}],"wp:term":[{"taxonomy":"category","embeddable":true,"href":"https:\/\/sp8tg.pl\/web\/wp-json\/wp\/v2\/categories?post=14563"},{"taxonomy":"post_tag","embeddable":true,"href":"https:\/\/sp8tg.pl\/web\/wp-json\/wp\/v2\/tags?post=14563"}],"curies":[{"name":"wp","href":"https:\/\/api.w.org\/{rel}","templated":true}]}}