{"id":13436,"date":"2020-12-15T13:22:25","date_gmt":"2020-12-15T12:22:25","guid":{"rendered":"https:\/\/sp8tg.pl\/web\/?p=13436"},"modified":"2020-12-15T14:08:52","modified_gmt":"2020-12-15T13:08:52","slug":"ferie-zimowe-w-osemce","status":"publish","type":"post","link":"https:\/\/sp8tg.pl\/web\/ferie-zimowe-w-osemce\/","title":{"rendered":"Ferie zimowe w \u00d3SEMCE :)"},"content":{"rendered":"\n<div class=\"wp-block-image\"><figure class=\"aligncenter size-large is-resized\"><img loading=\"lazy\" decoding=\"async\" src=\"https:\/\/sp8tg.pl\/web\/wp-content\/uploads\/2020\/12\/8.jpg\" alt=\"\" class=\"wp-image-13437\" width=\"273\" height=\"335\" srcset=\"https:\/\/sp8tg.pl\/web\/wp-content\/uploads\/2020\/12\/8.jpg 418w, https:\/\/sp8tg.pl\/web\/wp-content\/uploads\/2020\/12\/8-245x300.jpg 245w\" sizes=\"(max-width: 273px) 85vw, 273px\" \/><\/figure><\/div>\n\n\n\n<p class=\"has-text-align-center\"><strong>Akcja \u201cZima w Mie\u015bcie 2021\u201d<\/strong><\/p>\n\n\n\n<p class=\"has-text-align-center\"><strong>Serdecznie zapraszamy uczni\u00f3w klas 1 &#8211; 4 naszej szko\u0142y, do wzi\u0119cia udzia\u0142u w akcji \u201cZima w Mie\u015bcie 2021\u201d<\/strong>.<\/p>\n\n\n\n<p><strong>Miejsce: Szko\u0142a Podstawowa nr 8, ul. Janasa 11 Tarnowskie G\u00f3ry<\/strong><\/p>\n\n\n\n<p><strong>Termin turnusu: 11.01.2021 r. do 15.01.2021 r. poniedzia\u0142ek \u2013 pi\u0105tek. <\/strong><\/p>\n\n\n\n<p><strong>Forma: tryb stacjonarny<\/strong> <strong>(zaj\u0119cia odbywaj\u0105 si\u0119 na terenie szko\u0142y)<\/strong><\/p>\n\n\n\n<p><strong>Godzina: &nbsp;9.00 \u2013 14.00<\/strong><\/p>\n\n\n\n<p><strong>Zapisy odb\u0119d\u0105 si\u0119 w dniach do 18 grudnia 2020 r. w sekretariacie szko\u0142y (w godzinach 7.00 do 15.00)<\/strong><\/p>\n\n\n\n<p class=\"has-text-align-center\"><strong>LICZBA MIEJSC OGRANICZONA \u2013 36 (trzy grupy po 12 os\u00f3b)<\/strong><\/p>\n\n\n\n<div class=\"wp-block-file\"><a href=\"https:\/\/sp8tg.pl\/web\/wp-content\/uploads\/2020\/12\/Regulamin-akcji-Zima-w-mie\u015bcie.pdf\">Regulamin-akcji-Zima-w-mie\u015bcie<\/a><a href=\"https:\/\/sp8tg.pl\/web\/wp-content\/uploads\/2020\/12\/Regulamin-akcji-Zima-w-mie\u015bcie.pdf\" class=\"wp-block-file__button\" download>Pobierz<\/a><\/div>\n\n\n\n<p><\/p>\n\n\n\n<p class=\"has-text-align-right\"><strong>Serdecznie zapraszamy<\/strong><\/p>\n","protected":false},"excerpt":{"rendered":"<p>Akcja \u201cZima w Mie\u015bcie 2021\u201d Serdecznie zapraszamy uczni\u00f3w klas 1 &#8211; 4 naszej szko\u0142y, do wzi\u0119cia udzia\u0142u w akcji \u201cZima w Mie\u015bcie 2021\u201d. Miejsce: Szko\u0142a Podstawowa nr 8, ul. Janasa 11 Tarnowskie G\u00f3ry Termin turnusu: 11.01.2021 r. do 15.01.2021 r. poniedzia\u0142ek \u2013 pi\u0105tek. Forma: tryb stacjonarny (zaj\u0119cia odbywaj\u0105 si\u0119 na terenie szko\u0142y) Godzina: &nbsp;9.00 \u2013 &hellip; <a href=\"https:\/\/sp8tg.pl\/web\/ferie-zimowe-w-osemce\/\" class=\"more-link\">Czytaj dalej<span class=\"screen-reader-text\"> \u201eFerie zimowe w \u00d3SEMCE :)\u201d<\/span><\/a><\/p>\n","protected":false},"author":1,"featured_media":0,"comment_status":"closed","ping_status":"closed","sticky":false,"template":"","format":"standard","meta":{"ngg_post_thumbnail":0,"footnotes":""},"categories":[1],"tags":[],"_links":{"self":[{"href":"https:\/\/sp8tg.pl\/web\/wp-json\/wp\/v2\/posts\/13436"}],"collection":[{"href":"https:\/\/sp8tg.pl\/web\/wp-json\/wp\/v2\/posts"}],"about":[{"href":"https:\/\/sp8tg.pl\/web\/wp-json\/wp\/v2\/types\/post"}],"author":[{"embeddable":true,"href":"https:\/\/sp8tg.pl\/web\/wp-json\/wp\/v2\/users\/1"}],"replies":[{"embeddable":true,"href":"https:\/\/sp8tg.pl\/web\/wp-json\/wp\/v2\/comments?post=13436"}],"version-history":[{"count":3,"href":"https:\/\/sp8tg.pl\/web\/wp-json\/wp\/v2\/posts\/13436\/revisions"}],"predecessor-version":[{"id":13442,"href":"https:\/\/sp8tg.pl\/web\/wp-json\/wp\/v2\/posts\/13436\/revisions\/13442"}],"wp:attachment":[{"href":"https:\/\/sp8tg.pl\/web\/wp-json\/wp\/v2\/media?parent=13436"}],"wp:term":[{"taxonomy":"category","embeddable":true,"href":"https:\/\/sp8tg.pl\/web\/wp-json\/wp\/v2\/categories?post=13436"},{"taxonomy":"post_tag","embeddable":true,"href":"https:\/\/sp8tg.pl\/web\/wp-json\/wp\/v2\/tags?post=13436"}],"curies":[{"name":"wp","href":"https:\/\/api.w.org\/{rel}","templated":true}]}}