{"id":13371,"date":"2020-11-17T13:45:44","date_gmt":"2020-11-17T12:45:44","guid":{"rendered":"https:\/\/sp8tg.pl\/web\/?p=13371"},"modified":"2020-11-17T13:46:53","modified_gmt":"2020-11-17T12:46:53","slug":"wielkie-sukcesy-plywackie-szymona","status":"publish","type":"post","link":"https:\/\/sp8tg.pl\/web\/wielkie-sukcesy-plywackie-szymona\/","title":{"rendered":"Wielkie sukcesy p\u0142ywackie  Szymona :)"},"content":{"rendered":"\n<p><strong>O Szymku &#8211; uczniu klasy 6b, pisali\u015bmy ju\u017c niejednokrotnie na stronie internetowej naszej szko\u0142y. Tym ch\u0119tniej czynimy to r\u00f3wnie\u017c i teraz \ud83d\ude42<\/strong><\/p>\n\n\n\n<p><strong>Szymon&nbsp; na najwa\u017cniejszej imprezie p\u0142ywackiej w roku 2020 tj. Mistrzostwach \u015al\u0105ska Open po\u0142\u0105czone z Mistrzostwami \u015al\u0105ska dwunastolatk\u00f3w <img loading=\"lazy\" decoding=\"async\" alt=\"?????\" src=\"https:\/\/ci3.googleusercontent.com\/proxy\/vg4JuGhgjexQnEbwDPPvlfl0cGqdyyw_TtlIB7a8lpQEdcdTPZ84kFm150xrNmGZrBBouuClFxa169kKU4YiYpamAvp8cJl4yhXWQGvXWGSKUmfpeAL4GFFJHqTdcvo=s0-d-e1-ft#https:\/\/static.xx.fbcdn.net\/images\/emoji.php\/v9\/t38\/2\/16\/1f3ca_200d_2642.png\" width=\"16\" height=\"16\"><img loading=\"lazy\" decoding=\"async\" alt=\"?????\" src=\"https:\/\/ci3.googleusercontent.com\/proxy\/vg4JuGhgjexQnEbwDPPvlfl0cGqdyyw_TtlIB7a8lpQEdcdTPZ84kFm150xrNmGZrBBouuClFxa169kKU4YiYpamAvp8cJl4yhXWQGvXWGSKUmfpeAL4GFFJHqTdcvo=s0-d-e1-ft#https:\/\/static.xx.fbcdn.net\/images\/emoji.php\/v9\/t38\/2\/16\/1f3ca_200d_2642.png\" width=\"16\" height=\"16\"><img loading=\"lazy\" decoding=\"async\" alt=\"?????\" src=\"https:\/\/ci3.googleusercontent.com\/proxy\/vg4JuGhgjexQnEbwDPPvlfl0cGqdyyw_TtlIB7a8lpQEdcdTPZ84kFm150xrNmGZrBBouuClFxa169kKU4YiYpamAvp8cJl4yhXWQGvXWGSKUmfpeAL4GFFJHqTdcvo=s0-d-e1-ft#https:\/\/static.xx.fbcdn.net\/images\/emoji.php\/v9\/t38\/2\/16\/1f3ca_200d_2642.png\" width=\"16\" height=\"16\">, kt\u00f3re odby\u0142y si\u0119 w Gliwicach w dniach 13-14 listopada 2020 zdoby\u0142:<\/strong><\/p>\n\n\n\n<ul><li><strong>3 medale <img loading=\"lazy\" decoding=\"async\" alt=\"??\" src=\"https:\/\/ci4.googleusercontent.com\/proxy\/-ZUdxW1QgkaQyyvOD72DpYQZ7jaVHheHwSw74tnjT_N5d0GxMPdUFllH2YZPQrABY9X_c7MxcK_AZj_apWVFHcQhkamCD0PmSHvXV3yktzhnBNmW2Q=s0-d-e1-ft#https:\/\/static.xx.fbcdn.net\/images\/emoji.php\/v9\/t33\/2\/16\/1f947.png\" width=\"16\" height=\"16\"><img loading=\"lazy\" decoding=\"async\" alt=\"??\" src=\"https:\/\/ci5.googleusercontent.com\/proxy\/xjLEogU0nWAtgO5hphTPWRI-Xtkaa9Ea3PnTFz36dz5RYBWy8eh6lDJgeDx3GxJbABJTzIgbIMl_HZncmanI7nNZZnN5yF7qWgWPtG2UoE7WJAcpJQ=s0-d-e1-ft#https:\/\/static.xx.fbcdn.net\/images\/emoji.php\/v9\/tb4\/2\/16\/1f948.png\" width=\"16\" height=\"16\"><img loading=\"lazy\" decoding=\"async\" alt=\"??\" src=\"https:\/\/ci5.googleusercontent.com\/proxy\/xjLEogU0nWAtgO5hphTPWRI-Xtkaa9Ea3PnTFz36dz5RYBWy8eh6lDJgeDx3GxJbABJTzIgbIMl_HZncmanI7nNZZnN5yF7qWgWPtG2UoE7WJAcpJQ=s0-d-e1-ft#https:\/\/static.xx.fbcdn.net\/images\/emoji.php\/v9\/tb4\/2\/16\/1f948.png\" width=\"16\" height=\"16\">,  z czego 1 z\u0142oty <img loading=\"lazy\" decoding=\"async\" alt=\"??\" src=\"https:\/\/ci4.googleusercontent.com\/proxy\/-ZUdxW1QgkaQyyvOD72DpYQZ7jaVHheHwSw74tnjT_N5d0GxMPdUFllH2YZPQrABY9X_c7MxcK_AZj_apWVFHcQhkamCD0PmSHvXV3yktzhnBNmW2Q=s0-d-e1-ft#https:\/\/static.xx.fbcdn.net\/images\/emoji.php\/v9\/t33\/2\/16\/1f947.png\" width=\"16\" height=\"16\"> wraz z Kolegami z klubu MKS Park Wodny Tarnowskie G\u00f3ry na 100 metr\u00f3w stylem zmiennym <\/strong><\/li><\/ul>\n\n\n\n<ul><li><strong>2 srebrne <img loading=\"lazy\" decoding=\"async\" alt=\"??\" src=\"https:\/\/ci5.googleusercontent.com\/proxy\/xjLEogU0nWAtgO5hphTPWRI-Xtkaa9Ea3PnTFz36dz5RYBWy8eh6lDJgeDx3GxJbABJTzIgbIMl_HZncmanI7nNZZnN5yF7qWgWPtG2UoE7WJAcpJQ=s0-d-e1-ft#https:\/\/static.xx.fbcdn.net\/images\/emoji.php\/v9\/tb4\/2\/16\/1f948.png\" width=\"16\" height=\"16\"><img loading=\"lazy\" decoding=\"async\" alt=\"??\" src=\"https:\/\/ci5.googleusercontent.com\/proxy\/xjLEogU0nWAtgO5hphTPWRI-Xtkaa9Ea3PnTFz36dz5RYBWy8eh6lDJgeDx3GxJbABJTzIgbIMl_HZncmanI7nNZZnN5yF7qWgWPtG2UoE7WJAcpJQ=s0-d-e1-ft#https:\/\/static.xx.fbcdn.net\/images\/emoji.php\/v9\/tb4\/2\/16\/1f948.png\" width=\"16\" height=\"16\"> medale indywidualnie tj. 100 metr\u00f3w oraz 200 metr\u00f3w stylem klasycznym. <\/strong><\/li><\/ul>\n\n\n\n<p>Szymon jest w \u015bwietnej, sportowej formie, bo w ubieg\u0142ym roku Jego<strong> dorobek indywidualny by\u0142 identyczny do roku bie\u017c\u0105cego \ud83d\ude42 <\/strong><\/p>\n\n\n\n<div class=\"wp-block-image\"><figure class=\"aligncenter size-large is-resized\"><img loading=\"lazy\" decoding=\"async\" src=\"https:\/\/sp8tg.pl\/web\/wp-content\/uploads\/2020\/11\/sz3-684x1024.jpg\" alt=\"\" class=\"wp-image-13372\" width=\"360\" height=\"539\" srcset=\"https:\/\/sp8tg.pl\/web\/wp-content\/uploads\/2020\/11\/sz3-684x1024.jpg 684w, https:\/\/sp8tg.pl\/web\/wp-content\/uploads\/2020\/11\/sz3-200x300.jpg 200w, https:\/\/sp8tg.pl\/web\/wp-content\/uploads\/2020\/11\/sz3-768x1151.jpg 768w, https:\/\/sp8tg.pl\/web\/wp-content\/uploads\/2020\/11\/sz3-1025x1536.jpg 1025w, https:\/\/sp8tg.pl\/web\/wp-content\/uploads\/2020\/11\/sz3.jpg 1068w\" sizes=\"(max-width: 360px) 85vw, 360px\" \/><\/figure><\/div>\n\n\n\n<div class=\"wp-block-image\"><figure class=\"aligncenter size-large is-resized\"><img loading=\"lazy\" decoding=\"async\" src=\"https:\/\/sp8tg.pl\/web\/wp-content\/uploads\/2020\/11\/sz4.jpg\" alt=\"\" class=\"wp-image-13373\" width=\"365\" height=\"596\" srcset=\"https:\/\/sp8tg.pl\/web\/wp-content\/uploads\/2020\/11\/sz4.jpg 554w, https:\/\/sp8tg.pl\/web\/wp-content\/uploads\/2020\/11\/sz4-184x300.jpg 184w\" sizes=\"(max-width: 365px) 85vw, 365px\" \/><\/figure><\/div>\n\n\n\n<div class=\"wp-block-image\"><figure class=\"aligncenter size-large is-resized\"><img loading=\"lazy\" decoding=\"async\" src=\"https:\/\/sp8tg.pl\/web\/wp-content\/uploads\/2020\/11\/sz2-765x1024.jpg\" alt=\"\" class=\"wp-image-13374\" width=\"363\" height=\"485\" srcset=\"https:\/\/sp8tg.pl\/web\/wp-content\/uploads\/2020\/11\/sz2-765x1024.jpg 765w, https:\/\/sp8tg.pl\/web\/wp-content\/uploads\/2020\/11\/sz2-224x300.jpg 224w, https:\/\/sp8tg.pl\/web\/wp-content\/uploads\/2020\/11\/sz2-768x1028.jpg 768w, https:\/\/sp8tg.pl\/web\/wp-content\/uploads\/2020\/11\/sz2-1148x1536.jpg 1148w, https:\/\/sp8tg.pl\/web\/wp-content\/uploads\/2020\/11\/sz2-1531x2048.jpg 1531w, https:\/\/sp8tg.pl\/web\/wp-content\/uploads\/2020\/11\/sz2-1200x1606.jpg 1200w, https:\/\/sp8tg.pl\/web\/wp-content\/uploads\/2020\/11\/sz2-scaled.jpg 1913w\" sizes=\"(max-width: 363px) 85vw, 363px\" \/><\/figure><\/div>\n\n\n\n<div class=\"wp-block-image\"><figure class=\"aligncenter size-large is-resized\"><img loading=\"lazy\" decoding=\"async\" src=\"https:\/\/sp8tg.pl\/web\/wp-content\/uploads\/2020\/11\/sz1-1024x768.jpg\" alt=\"\" class=\"wp-image-13375\" width=\"465\" height=\"348\" srcset=\"https:\/\/sp8tg.pl\/web\/wp-content\/uploads\/2020\/11\/sz1-1024x768.jpg 1024w, https:\/\/sp8tg.pl\/web\/wp-content\/uploads\/2020\/11\/sz1-300x225.jpg 300w, https:\/\/sp8tg.pl\/web\/wp-content\/uploads\/2020\/11\/sz1-768x576.jpg 768w, https:\/\/sp8tg.pl\/web\/wp-content\/uploads\/2020\/11\/sz1-1536x1152.jpg 1536w, https:\/\/sp8tg.pl\/web\/wp-content\/uploads\/2020\/11\/sz1-1200x900.jpg 1200w, https:\/\/sp8tg.pl\/web\/wp-content\/uploads\/2020\/11\/sz1.jpg 1728w\" sizes=\"(max-width: 465px) 85vw, 465px\" \/><\/figure><\/div>\n\n\n\n<p class=\"has-text-align-center\"><strong>Szymonie, wielkie GRATULACJE \ud83d\ude42<\/strong><\/p>\n","protected":false},"excerpt":{"rendered":"<p>O Szymku &#8211; uczniu klasy 6b, pisali\u015bmy ju\u017c niejednokrotnie na stronie internetowej naszej szko\u0142y. Tym ch\u0119tniej czynimy to r\u00f3wnie\u017c i teraz \ud83d\ude42 Szymon&nbsp; na najwa\u017cniejszej imprezie p\u0142ywackiej w roku 2020 tj. Mistrzostwach \u015al\u0105ska Open po\u0142\u0105czone z Mistrzostwami \u015al\u0105ska dwunastolatk\u00f3w , kt\u00f3re odby\u0142y si\u0119 w Gliwicach w dniach 13-14 listopada 2020 zdoby\u0142: 3 medale , z &hellip; <a href=\"https:\/\/sp8tg.pl\/web\/wielkie-sukcesy-plywackie-szymona\/\" class=\"more-link\">Czytaj dalej<span class=\"screen-reader-text\"> \u201eWielkie sukcesy p\u0142ywackie  Szymona :)\u201d<\/span><\/a><\/p>\n","protected":false},"author":1,"featured_media":0,"comment_status":"closed","ping_status":"closed","sticky":false,"template":"","format":"standard","meta":{"ngg_post_thumbnail":0,"footnotes":""},"categories":[1],"tags":[],"_links":{"self":[{"href":"https:\/\/sp8tg.pl\/web\/wp-json\/wp\/v2\/posts\/13371"}],"collection":[{"href":"https:\/\/sp8tg.pl\/web\/wp-json\/wp\/v2\/posts"}],"about":[{"href":"https:\/\/sp8tg.pl\/web\/wp-json\/wp\/v2\/types\/post"}],"author":[{"embeddable":true,"href":"https:\/\/sp8tg.pl\/web\/wp-json\/wp\/v2\/users\/1"}],"replies":[{"embeddable":true,"href":"https:\/\/sp8tg.pl\/web\/wp-json\/wp\/v2\/comments?post=13371"}],"version-history":[{"count":3,"href":"https:\/\/sp8tg.pl\/web\/wp-json\/wp\/v2\/posts\/13371\/revisions"}],"predecessor-version":[{"id":13378,"href":"https:\/\/sp8tg.pl\/web\/wp-json\/wp\/v2\/posts\/13371\/revisions\/13378"}],"wp:attachment":[{"href":"https:\/\/sp8tg.pl\/web\/wp-json\/wp\/v2\/media?parent=13371"}],"wp:term":[{"taxonomy":"category","embeddable":true,"href":"https:\/\/sp8tg.pl\/web\/wp-json\/wp\/v2\/categories?post=13371"},{"taxonomy":"post_tag","embeddable":true,"href":"https:\/\/sp8tg.pl\/web\/wp-json\/wp\/v2\/tags?post=13371"}],"curies":[{"name":"wp","href":"https:\/\/api.w.org\/{rel}","templated":true}]}}