{"id":13353,"date":"2020-11-10T13:46:35","date_gmt":"2020-11-10T12:46:35","guid":{"rendered":"https:\/\/sp8tg.pl\/web\/?p=13353"},"modified":"2020-11-16T13:13:43","modified_gmt":"2020-11-16T12:13:43","slug":"szkola-do-hymnu-2","status":"publish","type":"post","link":"https:\/\/sp8tg.pl\/web\/szkola-do-hymnu-2\/","title":{"rendered":"&#8222;Szko\u0142a do hymnu&#8221;"},"content":{"rendered":"\n<p><strong>Ju\u017c dzisiaj, dnia 10 listopada o godz. 11:11 w naszej szkolnej \u015bwietlicy uczniowie od\u015bpiewali hymn Polski<\/strong>, <strong>nad akcj\u0105 czuwa\u0142y wychowawczynie \u015bwietlicy \ud83d\ude42<\/strong><\/p>\n\n\n\n<figure class=\"wp-block-video\"><video controls src=\"https:\/\/sp8tg.pl\/web\/wp-content\/uploads\/2020\/11\/VID-20201110-WA0001.mp4\"><\/video><\/figure>\n\n\n\n<div class=\"wp-block-image\"><figure class=\"aligncenter is-resized\"><img loading=\"lazy\" decoding=\"async\" src=\"https:\/\/wadowice.pl\/assets\/image\/0000\/0001\/58188.png\" alt=\"Bia\u0142o-czerwona&quot; \u2013 bezp\u0142atna publikacja na temat barw narodowych | Wadowice\" width=\"300\" height=\"184\"\/><\/figure><\/div>\n\n\n\n<figure class=\"wp-block-image\"><img decoding=\"async\" src=\"https:\/\/www.gov.pl\/photo\/format\/9205fca1-3301-4fb5-bb18-6b5cd40416be\/resolution\/1920x810\" alt=\"Po lewej stronie na szarym tle klucz wiolinowy i napis Szko\u0142a do hymnu - logo akcji. Poni\u017cej napis wtorek, 10 listopada 2020 r., godz. 11:11. Zapraszamy do udzia\u0142u w akcji MEN. Po prawej stronie \u017co\u0142nierze przez grobem nieznanego \u017co\u0142nierza id\u0105cy na zmian\u0119 warty.\"\/><\/figure>\n\n\n\n<p><a href=\"https:\/\/www.gov.pl\/web\/edukacja\/szkola-do-hymnu-2020--odspiewaj-hymn-narodowy-we-wtorek-10-listopada-o-godz-1111\">https:\/\/www.gov.pl\/web\/edukacja\/szkola-do-hymnu-2020&#8211;odspiewaj-hymn-narodowy-we-wtorek-10-listopada-o-godz-1111<\/a><\/p>\n\n\n\n<div class=\"wp-block-file\"><a href=\"https:\/\/sp8tg.pl\/web\/wp-content\/uploads\/2020\/11\/dyplomszkoladohymnu2020.pdf\">dyplomszkoladohymnu2020<\/a><a href=\"https:\/\/sp8tg.pl\/web\/wp-content\/uploads\/2020\/11\/dyplomszkoladohymnu2020.pdf\" class=\"wp-block-file__button\" download>Pobierz<\/a><\/div>\n","protected":false},"excerpt":{"rendered":"<p>Ju\u017c dzisiaj, dnia 10 listopada o godz. 11:11 w naszej szkolnej \u015bwietlicy uczniowie od\u015bpiewali hymn Polski, nad akcj\u0105 czuwa\u0142y wychowawczynie \u015bwietlicy \ud83d\ude42 https:\/\/www.gov.pl\/web\/edukacja\/szkola-do-hymnu-2020&#8211;odspiewaj-hymn-narodowy-we-wtorek-10-listopada-o-godz-1111<\/p>\n","protected":false},"author":1,"featured_media":0,"comment_status":"closed","ping_status":"closed","sticky":false,"template":"","format":"standard","meta":{"ngg_post_thumbnail":0,"footnotes":""},"categories":[1],"tags":[],"_links":{"self":[{"href":"https:\/\/sp8tg.pl\/web\/wp-json\/wp\/v2\/posts\/13353"}],"collection":[{"href":"https:\/\/sp8tg.pl\/web\/wp-json\/wp\/v2\/posts"}],"about":[{"href":"https:\/\/sp8tg.pl\/web\/wp-json\/wp\/v2\/types\/post"}],"author":[{"embeddable":true,"href":"https:\/\/sp8tg.pl\/web\/wp-json\/wp\/v2\/users\/1"}],"replies":[{"embeddable":true,"href":"https:\/\/sp8tg.pl\/web\/wp-json\/wp\/v2\/comments?post=13353"}],"version-history":[{"count":3,"href":"https:\/\/sp8tg.pl\/web\/wp-json\/wp\/v2\/posts\/13353\/revisions"}],"predecessor-version":[{"id":13370,"href":"https:\/\/sp8tg.pl\/web\/wp-json\/wp\/v2\/posts\/13353\/revisions\/13370"}],"wp:attachment":[{"href":"https:\/\/sp8tg.pl\/web\/wp-json\/wp\/v2\/media?parent=13353"}],"wp:term":[{"taxonomy":"category","embeddable":true,"href":"https:\/\/sp8tg.pl\/web\/wp-json\/wp\/v2\/categories?post=13353"},{"taxonomy":"post_tag","embeddable":true,"href":"https:\/\/sp8tg.pl\/web\/wp-json\/wp\/v2\/tags?post=13353"}],"curies":[{"name":"wp","href":"https:\/\/api.w.org\/{rel}","templated":true}]}}