{"id":13333,"date":"2020-11-04T14:29:09","date_gmt":"2020-11-04T13:29:09","guid":{"rendered":"https:\/\/sp8tg.pl\/web\/?p=13333"},"modified":"2020-11-06T14:12:38","modified_gmt":"2020-11-06T13:12:38","slug":"komunikat-10","status":"publish","type":"post","link":"https:\/\/sp8tg.pl\/web\/komunikat-10\/","title":{"rendered":"Komunikat"},"content":{"rendered":"\n<p><strong>Szanowni Rodzice, <\/strong><\/p>\n\n\n\n<p><strong>od poniedzia\u0142ku 9.11.2020 r. do 29.11.2020 r. uczniowie klas 1-3 przechodz\u0105 na zdalne nauczanie. Przed\u0142u\u017cona zosta\u0142a r\u00f3wnie\u017c do dnia 29.11.2020 r. zdalna nauka dla uczni\u00f3w klas 4-7.<\/strong><\/p>\n\n\n\n<figure class=\"wp-block-image size-large is-resized\"><img loading=\"lazy\" decoding=\"async\" src=\"https:\/\/sp8tg.pl\/web\/wp-content\/uploads\/2020\/11\/nowe-zasady-1024x576.jpg\" alt=\"\" class=\"wp-image-13334\" width=\"635\" height=\"357\" srcset=\"https:\/\/sp8tg.pl\/web\/wp-content\/uploads\/2020\/11\/nowe-zasady-1024x576.jpg 1024w, https:\/\/sp8tg.pl\/web\/wp-content\/uploads\/2020\/11\/nowe-zasady-300x169.jpg 300w, https:\/\/sp8tg.pl\/web\/wp-content\/uploads\/2020\/11\/nowe-zasady-768x432.jpg 768w, https:\/\/sp8tg.pl\/web\/wp-content\/uploads\/2020\/11\/nowe-zasady-1536x864.jpg 1536w, https:\/\/sp8tg.pl\/web\/wp-content\/uploads\/2020\/11\/nowe-zasady-1200x675.jpg 1200w, https:\/\/sp8tg.pl\/web\/wp-content\/uploads\/2020\/11\/nowe-zasady.jpg 1600w\" sizes=\"(max-width: 709px) 85vw, (max-width: 909px) 67vw, (max-width: 984px) 61vw, (max-width: 1362px) 45vw, 600px\" \/><\/figure>\n\n\n\n<p><strong>ZMIANY<\/strong> <strong>W FUNKCJONOWANIU SZK\u00d3\u0141 I PLAC\u00d3WEK DO 29.11.2020 r.<\/strong><\/p>\n\n\n\n<p>poni\u017cszy fragment przedstawia stanowisko MEN i dotyczy funkcjonowania \u015bwietlicy szkolnej od 9.11.2020 r. do 29.11.2020 r.:<\/p>\n\n\n\n<p><strong>Opieka w \u015bwietlicach szkolnych<\/strong>:<\/p>\n\n\n\n<p><strong><em>Od poniedzia\u0142ku, 9 listopada br. szko\u0142y podstawowe b\u0119d\u0105 mia\u0142y obowi\u0105zek zapewnienia funkcjonowania \u015bwietlic szkolnych dla uczni\u00f3w, kt\u00f3rych rodzice s\u0105 bezpo\u015brednio zaanga\u017cowani w walk\u0119 z pandemi\u0105 COVID-19.<\/em><\/strong><\/p>\n\n\n\n<p>Pe\u0142ny tekst:<\/p>\n\n\n\n<div class=\"wp-block-file\"><a href=\"https:\/\/sp8tg.pl\/web\/wp-content\/uploads\/2020\/11\/zmiany-w-funkcjonowaniu-szkol-i-placowek-do-29-listopada-br-komunikat-men.pdf\">zmiany-w-funkcjonowaniu-szkol-i-placowek-do-29-listopada-br-komunikat-men<\/a><a href=\"https:\/\/sp8tg.pl\/web\/wp-content\/uploads\/2020\/11\/zmiany-w-funkcjonowaniu-szkol-i-placowek-do-29-listopada-br-komunikat-men.pdf\" class=\"wp-block-file__button\" download>Pobierz<\/a><\/div>\n","protected":false},"excerpt":{"rendered":"<p>Szanowni Rodzice, od poniedzia\u0142ku 9.11.2020 r. do 29.11.2020 r. uczniowie klas 1-3 przechodz\u0105 na zdalne nauczanie. Przed\u0142u\u017cona zosta\u0142a r\u00f3wnie\u017c do dnia 29.11.2020 r. zdalna nauka dla uczni\u00f3w klas 4-7. ZMIANY W FUNKCJONOWANIU SZK\u00d3\u0141 I PLAC\u00d3WEK DO 29.11.2020 r. poni\u017cszy fragment przedstawia stanowisko MEN i dotyczy funkcjonowania \u015bwietlicy szkolnej od 9.11.2020 r. do 29.11.2020 r.: Opieka &hellip; <a href=\"https:\/\/sp8tg.pl\/web\/komunikat-10\/\" class=\"more-link\">Czytaj dalej<span class=\"screen-reader-text\"> \u201eKomunikat\u201d<\/span><\/a><\/p>\n","protected":false},"author":1,"featured_media":0,"comment_status":"closed","ping_status":"closed","sticky":false,"template":"","format":"standard","meta":{"ngg_post_thumbnail":0,"footnotes":""},"categories":[1],"tags":[],"_links":{"self":[{"href":"https:\/\/sp8tg.pl\/web\/wp-json\/wp\/v2\/posts\/13333"}],"collection":[{"href":"https:\/\/sp8tg.pl\/web\/wp-json\/wp\/v2\/posts"}],"about":[{"href":"https:\/\/sp8tg.pl\/web\/wp-json\/wp\/v2\/types\/post"}],"author":[{"embeddable":true,"href":"https:\/\/sp8tg.pl\/web\/wp-json\/wp\/v2\/users\/1"}],"replies":[{"embeddable":true,"href":"https:\/\/sp8tg.pl\/web\/wp-json\/wp\/v2\/comments?post=13333"}],"version-history":[{"count":8,"href":"https:\/\/sp8tg.pl\/web\/wp-json\/wp\/v2\/posts\/13333\/revisions"}],"predecessor-version":[{"id":13345,"href":"https:\/\/sp8tg.pl\/web\/wp-json\/wp\/v2\/posts\/13333\/revisions\/13345"}],"wp:attachment":[{"href":"https:\/\/sp8tg.pl\/web\/wp-json\/wp\/v2\/media?parent=13333"}],"wp:term":[{"taxonomy":"category","embeddable":true,"href":"https:\/\/sp8tg.pl\/web\/wp-json\/wp\/v2\/categories?post=13333"},{"taxonomy":"post_tag","embeddable":true,"href":"https:\/\/sp8tg.pl\/web\/wp-json\/wp\/v2\/tags?post=13333"}],"curies":[{"name":"wp","href":"https:\/\/api.w.org\/{rel}","templated":true}]}}