{"id":13275,"date":"2020-10-18T11:06:33","date_gmt":"2020-10-18T09:06:33","guid":{"rendered":"https:\/\/sp8tg.pl\/web\/?p=13275"},"modified":"2020-10-18T22:37:34","modified_gmt":"2020-10-18T20:37:34","slug":"tarnogorskie-swieto-drzewa","status":"publish","type":"post","link":"https:\/\/sp8tg.pl\/web\/tarnogorskie-swieto-drzewa\/","title":{"rendered":"Tarnog\u00f3rskie \u015awi\u0119to Drzewa :)"},"content":{"rendered":"\n<p><strong>Tarnog\u00f3rskie \u015awi\u0119to Drzewa mia\u0142o miejsce w sobot\u0119 &#8211; 17.10.2020 r. na skwerze przy ul. Morcinka w Starych Tarnowicach. Odby\u0142o si\u0119 w dw\u00f3ch (zamiast w jednej) rundach &#8211; o godz. 10.00 i 11.00 (tak, aby na miejscu nie by\u0142o wi\u0119cej ni\u017c 25 os\u00f3b w jednej chwili). Tarnog\u00f3rzanie posadzili 35 drzew. Uczniowie naszej szko\u0142y te\u017c zaznaczyli swoj\u0105 obecno\u015b\u0107 &#8211; z wielk\u0105 ochot\u0105 przy\u0142\u0105czyli\u015bmy si\u0119 do tego wa\u017cnego wydarzenia \ud83d\ude42<\/strong><\/p>\n\n\n\n<div class=\"wp-block-image\"><figure class=\"aligncenter size-large is-resized\"><img loading=\"lazy\" decoding=\"async\" src=\"https:\/\/sp8tg.pl\/web\/wp-content\/uploads\/2020\/10\/sd1-768x1024.jpg\" alt=\"\" class=\"wp-image-13277\" width=\"322\" height=\"429\" srcset=\"https:\/\/sp8tg.pl\/web\/wp-content\/uploads\/2020\/10\/sd1-768x1024.jpg 768w, https:\/\/sp8tg.pl\/web\/wp-content\/uploads\/2020\/10\/sd1-225x300.jpg 225w, https:\/\/sp8tg.pl\/web\/wp-content\/uploads\/2020\/10\/sd1.jpg 1080w\" sizes=\"(max-width: 322px) 85vw, 322px\" \/><figcaption>Nasze drzewo otrzyma\u0142o nazw\u0119 &#8222;\u00d3SEMECZKA&#8221;<\/figcaption><\/figure><\/div>\n\n\n\n<div class=\"wp-block-image\"><figure class=\"aligncenter size-large is-resized\"><img loading=\"lazy\" decoding=\"async\" src=\"https:\/\/sp8tg.pl\/web\/wp-content\/uploads\/2020\/10\/sd3-690x1024.jpg\" alt=\"\" class=\"wp-image-13280\" width=\"311\" height=\"460\"\/><\/figure><\/div>\n\n\n\n<div class=\"wp-block-image\"><figure class=\"aligncenter size-large is-resized\"><img loading=\"lazy\" decoding=\"async\" src=\"https:\/\/sp8tg.pl\/web\/wp-content\/uploads\/2020\/10\/sd2-769x1024.jpg\" alt=\"\" class=\"wp-image-13281\" width=\"305\" height=\"406\" srcset=\"https:\/\/sp8tg.pl\/web\/wp-content\/uploads\/2020\/10\/sd2-769x1024.jpg 769w, https:\/\/sp8tg.pl\/web\/wp-content\/uploads\/2020\/10\/sd2-225x300.jpg 225w, https:\/\/sp8tg.pl\/web\/wp-content\/uploads\/2020\/10\/sd2-768x1023.jpg 768w, https:\/\/sp8tg.pl\/web\/wp-content\/uploads\/2020\/10\/sd2.jpg 1080w\" sizes=\"(max-width: 305px) 85vw, 305px\" \/><\/figure><\/div>\n\n\n\n<div class=\"wp-block-image\"><figure class=\"aligncenter size-large is-resized\"><img loading=\"lazy\" decoding=\"async\" src=\"https:\/\/sp8tg.pl\/web\/wp-content\/uploads\/2020\/10\/sd.jpg\" alt=\"\" class=\"wp-image-13276\" width=\"290\" height=\"410\" srcset=\"https:\/\/sp8tg.pl\/web\/wp-content\/uploads\/2020\/10\/sd.jpg 678w, https:\/\/sp8tg.pl\/web\/wp-content\/uploads\/2020\/10\/sd-212x300.jpg 212w\" sizes=\"(max-width: 290px) 85vw, 290px\" \/><\/figure><\/div>\n","protected":false},"excerpt":{"rendered":"<p>Tarnog\u00f3rskie \u015awi\u0119to Drzewa mia\u0142o miejsce w sobot\u0119 &#8211; 17.10.2020 r. na skwerze przy ul. Morcinka w Starych Tarnowicach. Odby\u0142o si\u0119 w dw\u00f3ch (zamiast w jednej) rundach &#8211; o godz. 10.00 i 11.00 (tak, aby na miejscu nie by\u0142o wi\u0119cej ni\u017c 25 os\u00f3b w jednej chwili). Tarnog\u00f3rzanie posadzili 35 drzew. Uczniowie naszej szko\u0142y te\u017c zaznaczyli swoj\u0105 &hellip; <a href=\"https:\/\/sp8tg.pl\/web\/tarnogorskie-swieto-drzewa\/\" class=\"more-link\">Czytaj dalej<span class=\"screen-reader-text\"> \u201eTarnog\u00f3rskie \u015awi\u0119to Drzewa :)\u201d<\/span><\/a><\/p>\n","protected":false},"author":1,"featured_media":0,"comment_status":"closed","ping_status":"closed","sticky":false,"template":"","format":"standard","meta":{"ngg_post_thumbnail":0,"footnotes":""},"categories":[1],"tags":[],"_links":{"self":[{"href":"https:\/\/sp8tg.pl\/web\/wp-json\/wp\/v2\/posts\/13275"}],"collection":[{"href":"https:\/\/sp8tg.pl\/web\/wp-json\/wp\/v2\/posts"}],"about":[{"href":"https:\/\/sp8tg.pl\/web\/wp-json\/wp\/v2\/types\/post"}],"author":[{"embeddable":true,"href":"https:\/\/sp8tg.pl\/web\/wp-json\/wp\/v2\/users\/1"}],"replies":[{"embeddable":true,"href":"https:\/\/sp8tg.pl\/web\/wp-json\/wp\/v2\/comments?post=13275"}],"version-history":[{"count":4,"href":"https:\/\/sp8tg.pl\/web\/wp-json\/wp\/v2\/posts\/13275\/revisions"}],"predecessor-version":[{"id":13283,"href":"https:\/\/sp8tg.pl\/web\/wp-json\/wp\/v2\/posts\/13275\/revisions\/13283"}],"wp:attachment":[{"href":"https:\/\/sp8tg.pl\/web\/wp-json\/wp\/v2\/media?parent=13275"}],"wp:term":[{"taxonomy":"category","embeddable":true,"href":"https:\/\/sp8tg.pl\/web\/wp-json\/wp\/v2\/categories?post=13275"},{"taxonomy":"post_tag","embeddable":true,"href":"https:\/\/sp8tg.pl\/web\/wp-json\/wp\/v2\/tags?post=13275"}],"curies":[{"name":"wp","href":"https:\/\/api.w.org\/{rel}","templated":true}]}}