{"id":13266,"date":"2020-10-18T10:49:43","date_gmt":"2020-10-18T08:49:43","guid":{"rendered":"https:\/\/sp8tg.pl\/web\/?p=13266"},"modified":"2020-10-18T10:56:02","modified_gmt":"2020-10-18T08:56:02","slug":"komunikat-dotyczacy-strefy-zoltej","status":"publish","type":"post","link":"https:\/\/sp8tg.pl\/web\/komunikat-dotyczacy-strefy-zoltej\/","title":{"rendered":"Komunikat dotycz\u0105cy strefy \u017c\u00f3\u0142tej"},"content":{"rendered":"\n<h2 class=\"wp-block-heading\">Nowe zasady bezpiecze\u0144stwa w ca\u0142ym kraju<\/h2>\n\n\n\n<p>Od soboty, 17 pa\u017adziernika, w ca\u0142ym kraju obowi\u0105zywa\u0107 b\u0119d\u0105 nowe zasady bezpiecze\u0144stwa. Wyj\u0105tkiem s\u0105 ograniczenia dotycz\u0105ce wesel i innych uroczysto\u015bci rodzinnych \u2013 one zaczn\u0105 obowi\u0105zywa\u0107 od 19 pa\u017adziernika.<\/p>\n\n\n\n<p>Strefa \u017c\u00f3\u0142ta (ca\u0142y kraj, z wyj\u0105tkiem powiat\u00f3w ze strefy czerwonej):<\/p>\n\n\n\n<ul><li>lokale gastronomiczne mog\u0119 by\u0107 otwarte w godz. 6:00 \u2013 21:00. Zaj\u0119ty mo\u017ce by\u0107 co drugi stolik. Po godz. 21:00 &nbsp;wy\u0142\u0105cznie mo\u017cliwo\u015b\u0107 zam\u00f3wienia posi\u0142k\u00f3w na wynos;<\/li><li>ograniczenie liczba os\u00f3b w transporcie publicznym \u2013 zaj\u0119tych mo\u017ce by\u0107 50 proc. miejsc siedz\u0105cych lub 30 proc. liczby wszystkich miejsc;<\/li><li><strong>od 19.10<\/strong> \u2013 ograniczona liczba os\u00f3b na weselach i innych uroczysto\u015bciach \u2013 max. 20 os\u00f3b, bez mo\u017cliwo\u015bci zabawy tanecznej;<\/li><li>w uroczysto\u015bciach religijnych mo\u017ce uczestniczy\u0107 max. 1 osoba na 4m2;<\/li><li>w zgromadzeniach publicznych mo\u017ce uczestniczy\u0107 max. 25 os\u00f3b;<\/li><li>w szko\u0142ach wy\u017cszych oraz ponadpodstawowych obowi\u0105zuje nauczanie hybrydowe;<\/li><li>wydarzenia sportowe bez udzia\u0142u publiczno\u015bci;<\/li><li>w wydarzeniach kulturalnych max. 25 proc. miejsc zaj\u0119tych przez publiczno\u015b\u0107;<\/li><li>zawieszona dzia\u0142alno\u015b\u0107 basen\u00f3w, aquapark\u00f3w i si\u0142owni.<\/li><\/ul>\n\n\n\n<figure class=\"wp-block-image size-large\"><img loading=\"lazy\" decoding=\"async\" width=\"720\" height=\"405\" src=\"https:\/\/sp8tg.pl\/web\/wp-content\/uploads\/2020\/10\/s\u017c.jpg\" alt=\"\" class=\"wp-image-13271\" srcset=\"https:\/\/sp8tg.pl\/web\/wp-content\/uploads\/2020\/10\/s\u017c.jpg 720w, https:\/\/sp8tg.pl\/web\/wp-content\/uploads\/2020\/10\/s\u017c-300x169.jpg 300w\" sizes=\"(max-width: 709px) 85vw, (max-width: 909px) 67vw, (max-width: 984px) 61vw, (max-width: 1362px) 45vw, 600px\" \/><\/figure>\n\n\n\n<p class=\"has-text-align-center\"><strong>Funkcjonowanie szk\u00f3\u0142 podstawowych w stref<\/strong>i<strong>e \u017c\u00f3\u0142tej &#8211; BEZ ZMIAN.<\/strong><\/p>\n\n\n\n<div class=\"wp-block-image\"><figure class=\"aligncenter size-large\"><img loading=\"lazy\" decoding=\"async\" width=\"960\" height=\"540\" src=\"https:\/\/sp8tg.pl\/web\/wp-content\/uploads\/2020\/10\/f1.jpg\" alt=\"\" class=\"wp-image-13268\" srcset=\"https:\/\/sp8tg.pl\/web\/wp-content\/uploads\/2020\/10\/f1.jpg 960w, https:\/\/sp8tg.pl\/web\/wp-content\/uploads\/2020\/10\/f1-300x169.jpg 300w, https:\/\/sp8tg.pl\/web\/wp-content\/uploads\/2020\/10\/f1-768x432.jpg 768w\" sizes=\"(max-width: 709px) 85vw, (max-width: 909px) 67vw, (max-width: 1362px) 62vw, 840px\" \/><\/figure><\/div>\n\n\n\n<p><\/p>\n\n\n\n<p><\/p>\n\n\n\n<p><\/p>\n","protected":false},"excerpt":{"rendered":"<p>Nowe zasady bezpiecze\u0144stwa w ca\u0142ym kraju Od soboty, 17 pa\u017adziernika, w ca\u0142ym kraju obowi\u0105zywa\u0107 b\u0119d\u0105 nowe zasady bezpiecze\u0144stwa. Wyj\u0105tkiem s\u0105 ograniczenia dotycz\u0105ce wesel i innych uroczysto\u015bci rodzinnych \u2013 one zaczn\u0105 obowi\u0105zywa\u0107 od 19 pa\u017adziernika. Strefa \u017c\u00f3\u0142ta (ca\u0142y kraj, z wyj\u0105tkiem powiat\u00f3w ze strefy czerwonej): lokale gastronomiczne mog\u0119 by\u0107 otwarte w godz. 6:00 \u2013 21:00. Zaj\u0119ty &hellip; <a href=\"https:\/\/sp8tg.pl\/web\/komunikat-dotyczacy-strefy-zoltej\/\" class=\"more-link\">Czytaj dalej<span class=\"screen-reader-text\"> \u201eKomunikat dotycz\u0105cy strefy \u017c\u00f3\u0142tej\u201d<\/span><\/a><\/p>\n","protected":false},"author":1,"featured_media":0,"comment_status":"closed","ping_status":"closed","sticky":false,"template":"","format":"standard","meta":{"ngg_post_thumbnail":0,"footnotes":""},"categories":[1],"tags":[],"_links":{"self":[{"href":"https:\/\/sp8tg.pl\/web\/wp-json\/wp\/v2\/posts\/13266"}],"collection":[{"href":"https:\/\/sp8tg.pl\/web\/wp-json\/wp\/v2\/posts"}],"about":[{"href":"https:\/\/sp8tg.pl\/web\/wp-json\/wp\/v2\/types\/post"}],"author":[{"embeddable":true,"href":"https:\/\/sp8tg.pl\/web\/wp-json\/wp\/v2\/users\/1"}],"replies":[{"embeddable":true,"href":"https:\/\/sp8tg.pl\/web\/wp-json\/wp\/v2\/comments?post=13266"}],"version-history":[{"count":6,"href":"https:\/\/sp8tg.pl\/web\/wp-json\/wp\/v2\/posts\/13266\/revisions"}],"predecessor-version":[{"id":13274,"href":"https:\/\/sp8tg.pl\/web\/wp-json\/wp\/v2\/posts\/13266\/revisions\/13274"}],"wp:attachment":[{"href":"https:\/\/sp8tg.pl\/web\/wp-json\/wp\/v2\/media?parent=13266"}],"wp:term":[{"taxonomy":"category","embeddable":true,"href":"https:\/\/sp8tg.pl\/web\/wp-json\/wp\/v2\/categories?post=13266"},{"taxonomy":"post_tag","embeddable":true,"href":"https:\/\/sp8tg.pl\/web\/wp-json\/wp\/v2\/tags?post=13266"}],"curies":[{"name":"wp","href":"https:\/\/api.w.org\/{rel}","templated":true}]}}