{"id":13258,"date":"2020-10-18T10:20:43","date_gmt":"2020-10-18T08:20:43","guid":{"rendered":"https:\/\/sp8tg.pl\/web\/?p=13258"},"modified":"2020-10-18T10:20:43","modified_gmt":"2020-10-18T08:20:43","slug":"dzien-pustej-klasy","status":"publish","type":"post","link":"https:\/\/sp8tg.pl\/web\/dzien-pustej-klasy\/","title":{"rendered":"Dzie\u0144 Pustej Klasy :)"},"content":{"rendered":"\n<p><strong>Orzymali\u015bmy &#8211; jako szko\u0142a, Certyfikat udzia\u0142u w akcji pod nazw\u0105 DZIE\u0143 PUSTEJ KLASY:<\/strong><\/p>\n\n\n\n<p><\/p>\n\n\n\n<p><strong>Dzie\u0144 Pustej Klasy 2020 Rado\u015b\u0107 i duma! \ud83d\udc4f 685 szk\u00f3\u0142 i przedszkoli w ca\u0142ej Polsce! 73 tysi\u0105ce dzieci w r\u00f3\u017cnym wieku &#8211; od maluszk\u00f3w po nastolatki\/\u00f3w &#8211; kt\u00f3rzy 25 wrze\u015bnia ruszyli w przyrod\u0119! Setki Waszych wspania\u0142ych pomys\u0142\u00f3w na to, jak uczyni\u0107 edukacj\u0119 terenow\u0105 ekscytuj\u0105c\u0105 przygod\u0105! \ud83e\udd38\u200d\u2640\ufe0f To by\u0142y pi\u0119kne obchody. Bardzo dzi\u0119kujemy wszystkim, kt\u00f3re\/kt\u00f3rzy wzi\u0119li w nich udzia\u0142.<\/strong> <\/p>\n\n\n\n<p><strong>I&#8230;.do nast\u0119pnego razu! Spotykamy si\u0119 tradycyjnie w trzeci pi\u0105tek czerwca tj. 18 czerwca 2021!  <\/strong><\/p>\n\n\n\n<p>                                                               <strong>  B\u0118DZIEMY \ud83d\ude42<\/strong><\/p>\n\n\n\n<div class=\"wp-block-image\"><figure class=\"aligncenter size-large is-resized\"><img loading=\"lazy\" decoding=\"async\" src=\"https:\/\/sp8tg.pl\/web\/wp-content\/uploads\/2020\/10\/dzpklasy-928x1024.jpg\" alt=\"\" class=\"wp-image-13259\" width=\"493\" height=\"544\" srcset=\"https:\/\/sp8tg.pl\/web\/wp-content\/uploads\/2020\/10\/dzpklasy-928x1024.jpg 928w, https:\/\/sp8tg.pl\/web\/wp-content\/uploads\/2020\/10\/dzpklasy-272x300.jpg 272w, https:\/\/sp8tg.pl\/web\/wp-content\/uploads\/2020\/10\/dzpklasy-768x848.jpg 768w, https:\/\/sp8tg.pl\/web\/wp-content\/uploads\/2020\/10\/dzpklasy-1391x1536.jpg 1391w, https:\/\/sp8tg.pl\/web\/wp-content\/uploads\/2020\/10\/dzpklasy-1855x2048.jpg 1855w, https:\/\/sp8tg.pl\/web\/wp-content\/uploads\/2020\/10\/dzpklasy-1200x1325.jpg 1200w\" sizes=\"(max-width: 493px) 85vw, 493px\" \/><\/figure><\/div>\n\n\n\n<p><a href=\"https:\/\/dzienpustejklasy.pl\/\">https:\/\/dzienpustejklasy.pl\/<\/a><\/p>\n\n\n\n<p><\/p>\n","protected":false},"excerpt":{"rendered":"<p>Orzymali\u015bmy &#8211; jako szko\u0142a, Certyfikat udzia\u0142u w akcji pod nazw\u0105 DZIE\u0143 PUSTEJ KLASY: Dzie\u0144 Pustej Klasy 2020 Rado\u015b\u0107 i duma! \ud83d\udc4f 685 szk\u00f3\u0142 i przedszkoli w ca\u0142ej Polsce! 73 tysi\u0105ce dzieci w r\u00f3\u017cnym wieku &#8211; od maluszk\u00f3w po nastolatki\/\u00f3w &#8211; kt\u00f3rzy 25 wrze\u015bnia ruszyli w przyrod\u0119! Setki Waszych wspania\u0142ych pomys\u0142\u00f3w na to, jak uczyni\u0107 edukacj\u0119 &hellip; <a href=\"https:\/\/sp8tg.pl\/web\/dzien-pustej-klasy\/\" class=\"more-link\">Czytaj dalej<span class=\"screen-reader-text\"> \u201eDzie\u0144 Pustej Klasy :)\u201d<\/span><\/a><\/p>\n","protected":false},"author":1,"featured_media":0,"comment_status":"closed","ping_status":"closed","sticky":false,"template":"","format":"standard","meta":{"ngg_post_thumbnail":0,"footnotes":""},"categories":[1],"tags":[],"_links":{"self":[{"href":"https:\/\/sp8tg.pl\/web\/wp-json\/wp\/v2\/posts\/13258"}],"collection":[{"href":"https:\/\/sp8tg.pl\/web\/wp-json\/wp\/v2\/posts"}],"about":[{"href":"https:\/\/sp8tg.pl\/web\/wp-json\/wp\/v2\/types\/post"}],"author":[{"embeddable":true,"href":"https:\/\/sp8tg.pl\/web\/wp-json\/wp\/v2\/users\/1"}],"replies":[{"embeddable":true,"href":"https:\/\/sp8tg.pl\/web\/wp-json\/wp\/v2\/comments?post=13258"}],"version-history":[{"count":1,"href":"https:\/\/sp8tg.pl\/web\/wp-json\/wp\/v2\/posts\/13258\/revisions"}],"predecessor-version":[{"id":13260,"href":"https:\/\/sp8tg.pl\/web\/wp-json\/wp\/v2\/posts\/13258\/revisions\/13260"}],"wp:attachment":[{"href":"https:\/\/sp8tg.pl\/web\/wp-json\/wp\/v2\/media?parent=13258"}],"wp:term":[{"taxonomy":"category","embeddable":true,"href":"https:\/\/sp8tg.pl\/web\/wp-json\/wp\/v2\/categories?post=13258"},{"taxonomy":"post_tag","embeddable":true,"href":"https:\/\/sp8tg.pl\/web\/wp-json\/wp\/v2\/tags?post=13258"}],"curies":[{"name":"wp","href":"https:\/\/api.w.org\/{rel}","templated":true}]}}