{"id":13232,"date":"2020-09-30T21:03:39","date_gmt":"2020-09-30T19:03:39","guid":{"rendered":"https:\/\/sp8tg.pl\/web\/?p=13232"},"modified":"2020-09-30T21:04:17","modified_gmt":"2020-09-30T19:04:17","slug":"wladza-uczniowska-wybrana","status":"publish","type":"post","link":"https:\/\/sp8tg.pl\/web\/wladza-uczniowska-wybrana\/","title":{"rendered":"W\u0142adza uczniowska wybrana :)"},"content":{"rendered":"\n<p><strong>Uczniowie naszej szko\u0142y wybrali swoich przedstawicieli do Samorz\u0105du Uczniowskiego. W roku szkolnym 2020\/2021 s\u0105 to:<\/strong><\/p>\n\n\n\n<p><strong>Dawid<\/strong> z klasy 7a, <strong>Helena<\/strong> z klasy 6a, <strong>Emilka<\/strong> z klasy 7a oraz <strong>Ma\u0142gosia<\/strong> z klasy 7a. <\/p>\n\n\n\n<p class=\"has-text-align-center\"><strong>Gratulujemy nowej w\u0142adzy uczniowskiej &#8211;  \u017cyczymy udanej i owocnej kadencji \ud83d\ude42<\/strong><\/p>\n\n\n\n<div class=\"wp-block-image\"><figure class=\"aligncenter size-large is-resized\"><img loading=\"lazy\" decoding=\"async\" src=\"https:\/\/sp8tg.pl\/web\/wp-content\/uploads\/2020\/09\/su2020a-1-576x1024.jpg\" alt=\"\" class=\"wp-image-13235\" width=\"399\" height=\"709\" srcset=\"https:\/\/sp8tg.pl\/web\/wp-content\/uploads\/2020\/09\/su2020a-1-576x1024.jpg 576w, https:\/\/sp8tg.pl\/web\/wp-content\/uploads\/2020\/09\/su2020a-1-169x300.jpg 169w, https:\/\/sp8tg.pl\/web\/wp-content\/uploads\/2020\/09\/su2020a-1-768x1365.jpg 768w, https:\/\/sp8tg.pl\/web\/wp-content\/uploads\/2020\/09\/su2020a-1-864x1536.jpg 864w, https:\/\/sp8tg.pl\/web\/wp-content\/uploads\/2020\/09\/su2020a-1-1152x2048.jpg 1152w, https:\/\/sp8tg.pl\/web\/wp-content\/uploads\/2020\/09\/su2020a-1-1200x2133.jpg 1200w, https:\/\/sp8tg.pl\/web\/wp-content\/uploads\/2020\/09\/su2020a-1-scaled.jpg 1440w\" sizes=\"(max-width: 399px) 85vw, 399px\" \/><\/figure><\/div>\n\n\n\n<p class=\"has-text-align-center\"><strong>Opiekunami SU s\u0105 Panie Beata Swoboda (klasy 4-7) oraz Barbara Nickel (klasy 1-3).<\/strong><\/p>\n","protected":false},"excerpt":{"rendered":"<p>Uczniowie naszej szko\u0142y wybrali swoich przedstawicieli do Samorz\u0105du Uczniowskiego. W roku szkolnym 2020\/2021 s\u0105 to: Dawid z klasy 7a, Helena z klasy 6a, Emilka z klasy 7a oraz Ma\u0142gosia z klasy 7a. Gratulujemy nowej w\u0142adzy uczniowskiej &#8211; \u017cyczymy udanej i owocnej kadencji \ud83d\ude42 Opiekunami SU s\u0105 Panie Beata Swoboda (klasy 4-7) oraz Barbara Nickel (klasy &hellip; <a href=\"https:\/\/sp8tg.pl\/web\/wladza-uczniowska-wybrana\/\" class=\"more-link\">Czytaj dalej<span class=\"screen-reader-text\"> \u201eW\u0142adza uczniowska wybrana :)\u201d<\/span><\/a><\/p>\n","protected":false},"author":1,"featured_media":0,"comment_status":"closed","ping_status":"closed","sticky":false,"template":"","format":"standard","meta":{"ngg_post_thumbnail":0,"footnotes":""},"categories":[1],"tags":[],"_links":{"self":[{"href":"https:\/\/sp8tg.pl\/web\/wp-json\/wp\/v2\/posts\/13232"}],"collection":[{"href":"https:\/\/sp8tg.pl\/web\/wp-json\/wp\/v2\/posts"}],"about":[{"href":"https:\/\/sp8tg.pl\/web\/wp-json\/wp\/v2\/types\/post"}],"author":[{"embeddable":true,"href":"https:\/\/sp8tg.pl\/web\/wp-json\/wp\/v2\/users\/1"}],"replies":[{"embeddable":true,"href":"https:\/\/sp8tg.pl\/web\/wp-json\/wp\/v2\/comments?post=13232"}],"version-history":[{"count":3,"href":"https:\/\/sp8tg.pl\/web\/wp-json\/wp\/v2\/posts\/13232\/revisions"}],"predecessor-version":[{"id":13238,"href":"https:\/\/sp8tg.pl\/web\/wp-json\/wp\/v2\/posts\/13232\/revisions\/13238"}],"wp:attachment":[{"href":"https:\/\/sp8tg.pl\/web\/wp-json\/wp\/v2\/media?parent=13232"}],"wp:term":[{"taxonomy":"category","embeddable":true,"href":"https:\/\/sp8tg.pl\/web\/wp-json\/wp\/v2\/categories?post=13232"},{"taxonomy":"post_tag","embeddable":true,"href":"https:\/\/sp8tg.pl\/web\/wp-json\/wp\/v2\/tags?post=13232"}],"curies":[{"name":"wp","href":"https:\/\/api.w.org\/{rel}","templated":true}]}}