{"id":12978,"date":"2020-07-01T10:02:01","date_gmt":"2020-07-01T08:02:01","guid":{"rendered":"https:\/\/sp8tg.pl\/web\/?p=12978"},"modified":"2020-07-01T10:02:01","modified_gmt":"2020-07-01T08:02:01","slug":"listy-uczniow-klas-pierwszych-w-roku-szkolnym-2020-2021","status":"publish","type":"post","link":"https:\/\/sp8tg.pl\/web\/listy-uczniow-klas-pierwszych-w-roku-szkolnym-2020-2021\/","title":{"rendered":"Listy uczni\u00f3w klas pierwszych w roku szkolnym 2020\/2021"},"content":{"rendered":"\n<p><strong>Szanowni Rodzice,<\/strong> <\/p>\n\n\n\n<p><strong>przy wej\u015bciu g\u0142\u00f3wnym naszej szko\u0142y znajduj\u0105 si\u0119 listy uczni\u00f3w klas pierwszych wraz z przydzielonymi wychowawcami. Od dzisiaj mo\u017cna si\u0119 z nimi zapozna\u0107.<\/strong><\/p>\n\n\n\n<div class=\"wp-block-image\"><figure class=\"aligncenter size-large is-resized\"><img loading=\"lazy\" decoding=\"async\" src=\"https:\/\/sp8tg.pl\/web\/wp-content\/uploads\/2018\/08\/szko\u0142a.jpg\" alt=\"\" class=\"wp-image-8818\" width=\"387\" height=\"257\" srcset=\"https:\/\/sp8tg.pl\/web\/wp-content\/uploads\/2018\/08\/szko\u0142a.jpg 960w, https:\/\/sp8tg.pl\/web\/wp-content\/uploads\/2018\/08\/szko\u0142a-300x200.jpg 300w, https:\/\/sp8tg.pl\/web\/wp-content\/uploads\/2018\/08\/szko\u0142a-768x512.jpg 768w\" sizes=\"(max-width: 387px) 85vw, 387px\" \/><\/figure><\/div>\n\n\n\n<p><\/p>\n","protected":false},"excerpt":{"rendered":"<p>Szanowni Rodzice, przy wej\u015bciu g\u0142\u00f3wnym naszej szko\u0142y znajduj\u0105 si\u0119 listy uczni\u00f3w klas pierwszych wraz z przydzielonymi wychowawcami. Od dzisiaj mo\u017cna si\u0119 z nimi zapozna\u0107.<\/p>\n","protected":false},"author":1,"featured_media":0,"comment_status":"closed","ping_status":"closed","sticky":false,"template":"","format":"standard","meta":{"ngg_post_thumbnail":0,"footnotes":""},"categories":[1],"tags":[],"_links":{"self":[{"href":"https:\/\/sp8tg.pl\/web\/wp-json\/wp\/v2\/posts\/12978"}],"collection":[{"href":"https:\/\/sp8tg.pl\/web\/wp-json\/wp\/v2\/posts"}],"about":[{"href":"https:\/\/sp8tg.pl\/web\/wp-json\/wp\/v2\/types\/post"}],"author":[{"embeddable":true,"href":"https:\/\/sp8tg.pl\/web\/wp-json\/wp\/v2\/users\/1"}],"replies":[{"embeddable":true,"href":"https:\/\/sp8tg.pl\/web\/wp-json\/wp\/v2\/comments?post=12978"}],"version-history":[{"count":1,"href":"https:\/\/sp8tg.pl\/web\/wp-json\/wp\/v2\/posts\/12978\/revisions"}],"predecessor-version":[{"id":12979,"href":"https:\/\/sp8tg.pl\/web\/wp-json\/wp\/v2\/posts\/12978\/revisions\/12979"}],"wp:attachment":[{"href":"https:\/\/sp8tg.pl\/web\/wp-json\/wp\/v2\/media?parent=12978"}],"wp:term":[{"taxonomy":"category","embeddable":true,"href":"https:\/\/sp8tg.pl\/web\/wp-json\/wp\/v2\/categories?post=12978"},{"taxonomy":"post_tag","embeddable":true,"href":"https:\/\/sp8tg.pl\/web\/wp-json\/wp\/v2\/tags?post=12978"}],"curies":[{"name":"wp","href":"https:\/\/api.w.org\/{rel}","templated":true}]}}