{"id":12973,"date":"2020-06-26T12:21:02","date_gmt":"2020-06-26T10:21:02","guid":{"rendered":"https:\/\/sp8tg.pl\/web\/?p=12973"},"modified":"2020-06-26T12:21:02","modified_gmt":"2020-06-26T10:21:02","slug":"zyczenia-wakacyjne-2","status":"publish","type":"post","link":"https:\/\/sp8tg.pl\/web\/zyczenia-wakacyjne-2\/","title":{"rendered":"\u017byczenia wakacyjne :)"},"content":{"rendered":"\n<p><strong>Dotarli\u015bmy do ko\u0144ca roku szkolnego 2019\/2020. Pracowali\u015bmy wytrwale, zar\u00f3wno Wy Rodzice, jak i my nauczyciele, ale przede wszystkim nasi wspaniali Uczniowie. Cho\u0107 wszyscy uczyli\u015bmy si\u0119 nowych form i metod pracy oraz wsp\u00f3\u0142dzia\u0142ania, napotykaj\u0105c czasami na trudno\u015bci, dlatego tym bardziej cieszymy si\u0119, \u017ce uda\u0142o nam si\u0119 realizowa\u0107 z powodzeniem kszta\u0142cenie na odleg\u0142o\u015b\u0107 i mo\u017cemy \u015bmia\u0142o og\u0142osi\u0107&nbsp; nasz wsp\u00f3lny sukces dydaktyczny.<\/strong><\/p>\n\n\n\n<p><em><strong>Uczniom, Nauczycielom, Rodzicom i Pracownikom szko\u0142y, z okazji nadej\u015bcia upragnionych wakacji, \u017cycz\u0119 bezpiecznego i s\u0142onecznego wypoczynku, du\u017co zabawy i dobrego humoru, a we wrze\u015bniu szcz\u0119\u015bliwego powrotu do szko\u0142y <\/strong>\ud83d\ude42<\/em><\/p>\n\n\n\n<p class=\"has-text-align-center\"><strong>Do \u017cycze\u0144 wakacyjnych do\u0142\u0105czaj\u0105 si\u0119 uczniowie klasy 1a wraz<\/strong><\/p>\n\n\n\n<p class=\"has-text-align-center\"><strong>z wychowawc\u0105:<\/strong><\/p>\n\n\n\n<figure class=\"wp-block-image size-large\"><img loading=\"lazy\" decoding=\"async\" width=\"1024\" height=\"724\" src=\"https:\/\/sp8tg.pl\/web\/wp-content\/uploads\/2020\/06\/1a-1024x724.jpg\" alt=\"\" class=\"wp-image-12967\" srcset=\"https:\/\/sp8tg.pl\/web\/wp-content\/uploads\/2020\/06\/1a-1024x724.jpg 1024w, https:\/\/sp8tg.pl\/web\/wp-content\/uploads\/2020\/06\/1a-300x212.jpg 300w, https:\/\/sp8tg.pl\/web\/wp-content\/uploads\/2020\/06\/1a-768x543.jpg 768w, https:\/\/sp8tg.pl\/web\/wp-content\/uploads\/2020\/06\/1a-1536x1086.jpg 1536w, https:\/\/sp8tg.pl\/web\/wp-content\/uploads\/2020\/06\/1a-2048x1448.jpg 2048w, https:\/\/sp8tg.pl\/web\/wp-content\/uploads\/2020\/06\/1a-1200x848.jpg 1200w\" sizes=\"(max-width: 709px) 85vw, (max-width: 909px) 67vw, (max-width: 1362px) 62vw, 840px\" \/><\/figure>\n\n\n\n<figure class=\"wp-block-image size-large\"><img loading=\"lazy\" decoding=\"async\" width=\"1024\" height=\"724\" src=\"https:\/\/sp8tg.pl\/web\/wp-content\/uploads\/2020\/06\/1aa-1024x724.jpg\" alt=\"\" class=\"wp-image-12968\" srcset=\"https:\/\/sp8tg.pl\/web\/wp-content\/uploads\/2020\/06\/1aa-1024x724.jpg 1024w, https:\/\/sp8tg.pl\/web\/wp-content\/uploads\/2020\/06\/1aa-300x212.jpg 300w, https:\/\/sp8tg.pl\/web\/wp-content\/uploads\/2020\/06\/1aa-768x543.jpg 768w, https:\/\/sp8tg.pl\/web\/wp-content\/uploads\/2020\/06\/1aa-1536x1086.jpg 1536w, https:\/\/sp8tg.pl\/web\/wp-content\/uploads\/2020\/06\/1aa-2048x1448.jpg 2048w, https:\/\/sp8tg.pl\/web\/wp-content\/uploads\/2020\/06\/1aa-1200x848.jpg 1200w\" sizes=\"(max-width: 709px) 85vw, (max-width: 909px) 67vw, (max-width: 1362px) 62vw, 840px\" \/><\/figure>\n\n\n\n<div class=\"wp-block-image\"><figure class=\"aligncenter size-large is-resized\"><img loading=\"lazy\" decoding=\"async\" src=\"https:\/\/sp8tg.pl\/web\/wp-content\/uploads\/2020\/06\/wakacje.jpg\" alt=\"\" class=\"wp-image-12966\" width=\"298\" height=\"477\" srcset=\"https:\/\/sp8tg.pl\/web\/wp-content\/uploads\/2020\/06\/wakacje.jpg 450w, https:\/\/sp8tg.pl\/web\/wp-content\/uploads\/2020\/06\/wakacje-188x300.jpg 188w\" sizes=\"(max-width: 298px) 85vw, 298px\" \/><\/figure><\/div>\n\n\n\n<p class=\"has-text-align-right\"><strong>Z powa\u017caniem<\/strong><\/p>\n\n\n\n<p class=\"has-text-align-right\"><strong>Beata Drzewiecka &#8211; dyrektor szko\u0142y<\/strong><\/p>\n","protected":false},"excerpt":{"rendered":"<p>Dotarli\u015bmy do ko\u0144ca roku szkolnego 2019\/2020. Pracowali\u015bmy wytrwale, zar\u00f3wno Wy Rodzice, jak i my nauczyciele, ale przede wszystkim nasi wspaniali Uczniowie. Cho\u0107 wszyscy uczyli\u015bmy si\u0119 nowych form i metod pracy oraz wsp\u00f3\u0142dzia\u0142ania, napotykaj\u0105c czasami na trudno\u015bci, dlatego tym bardziej cieszymy si\u0119, \u017ce uda\u0142o nam si\u0119 realizowa\u0107 z powodzeniem kszta\u0142cenie na odleg\u0142o\u015b\u0107 i mo\u017cemy \u015bmia\u0142o og\u0142osi\u0107&nbsp; &hellip; <a href=\"https:\/\/sp8tg.pl\/web\/zyczenia-wakacyjne-2\/\" class=\"more-link\">Czytaj dalej<span class=\"screen-reader-text\"> \u201e\u017byczenia wakacyjne :)\u201d<\/span><\/a><\/p>\n","protected":false},"author":1,"featured_media":0,"comment_status":"closed","ping_status":"closed","sticky":false,"template":"","format":"standard","meta":{"ngg_post_thumbnail":0,"footnotes":""},"categories":[1],"tags":[],"_links":{"self":[{"href":"https:\/\/sp8tg.pl\/web\/wp-json\/wp\/v2\/posts\/12973"}],"collection":[{"href":"https:\/\/sp8tg.pl\/web\/wp-json\/wp\/v2\/posts"}],"about":[{"href":"https:\/\/sp8tg.pl\/web\/wp-json\/wp\/v2\/types\/post"}],"author":[{"embeddable":true,"href":"https:\/\/sp8tg.pl\/web\/wp-json\/wp\/v2\/users\/1"}],"replies":[{"embeddable":true,"href":"https:\/\/sp8tg.pl\/web\/wp-json\/wp\/v2\/comments?post=12973"}],"version-history":[{"count":1,"href":"https:\/\/sp8tg.pl\/web\/wp-json\/wp\/v2\/posts\/12973\/revisions"}],"predecessor-version":[{"id":12974,"href":"https:\/\/sp8tg.pl\/web\/wp-json\/wp\/v2\/posts\/12973\/revisions\/12974"}],"wp:attachment":[{"href":"https:\/\/sp8tg.pl\/web\/wp-json\/wp\/v2\/media?parent=12973"}],"wp:term":[{"taxonomy":"category","embeddable":true,"href":"https:\/\/sp8tg.pl\/web\/wp-json\/wp\/v2\/categories?post=12973"},{"taxonomy":"post_tag","embeddable":true,"href":"https:\/\/sp8tg.pl\/web\/wp-json\/wp\/v2\/tags?post=12973"}],"curies":[{"name":"wp","href":"https:\/\/api.w.org\/{rel}","templated":true}]}}