{"id":12950,"date":"2020-06-23T10:35:25","date_gmt":"2020-06-23T08:35:25","guid":{"rendered":"https:\/\/sp8tg.pl\/web\/?p=12950"},"modified":"2020-06-23T10:35:25","modified_gmt":"2020-06-23T08:35:25","slug":"zakonczenie-roku-szkolnego-2019-2020","status":"publish","type":"post","link":"https:\/\/sp8tg.pl\/web\/zakonczenie-roku-szkolnego-2019-2020\/","title":{"rendered":"Zako\u0144czenie roku szkolnego 2019\/2020"},"content":{"rendered":"\n<div class=\"wp-block-image\"><figure class=\"aligncenter is-resized\"><img loading=\"lazy\" decoding=\"async\" src=\"https:\/\/sp8tg.pl\/web\/wp-content\/uploads\/2018\/06\/absolwenci.png\" alt=\"Obrazek posiada pusty atrybut alt; plik o nazwie absolwenci.png\" width=\"349\" height=\"274\"\/><\/figure><\/div>\n\n\n\n<p class=\"has-text-align-center\"><strong>Drodzy Uczniowie! Szanowni Rodzice !<\/strong><\/p>\n\n\n\n<p><strong>Formu\u0142a zako\u0144czenia tego wyj\u0105tkowego roku szkolnego 2019\/2020 zostaje zmieniona i dostosowana do obowi\u0105zuj\u0105cych wytycznych sanitarnych w zwi\u0105zku z trwaj\u0105c\u0105 pandemi\u0105 Covid-19. Maj\u0105c na uwadze bezpiecze\u0144stwo ca\u0142ej spo\u0142eczno\u015bci szkolnej oraz rekomendacje GIS, MZ oraz MEN, tego dnia nie spotkamy si\u0119 wszyscy o tej samej godzinie w dotychczas obowi\u0105zuj\u0105cej formule. Naszym celem jest bezpieczne zako\u0144czenie i po\u017cegnanie, aby w zdrowiu rozpocz\u0105\u0107 upragnione przez wszystkich wakacje.<\/strong><\/p>\n\n\n\n<p class=\"has-text-align-center\"><strong>Przygotowali\u015bmy dla Was harmonogram odbioru \u015bwiadectw:<\/strong><\/p>\n\n\n\n<div class=\"wp-block-file\"><a href=\"https:\/\/sp8tg.pl\/web\/wp-content\/uploads\/2020\/06\/harmonogram-rozdania-\u015bwiadectw.pdf\">harmonogram-rozdania-\u015bwiadectw<\/a><a href=\"https:\/\/sp8tg.pl\/web\/wp-content\/uploads\/2020\/06\/harmonogram-rozdania-\u015bwiadectw.pdf\" class=\"wp-block-file__button\" download>Pobierz<\/a><\/div>\n","protected":false},"excerpt":{"rendered":"<p>Drodzy Uczniowie! Szanowni Rodzice ! Formu\u0142a zako\u0144czenia tego wyj\u0105tkowego roku szkolnego 2019\/2020 zostaje zmieniona i dostosowana do obowi\u0105zuj\u0105cych wytycznych sanitarnych w zwi\u0105zku z trwaj\u0105c\u0105 pandemi\u0105 Covid-19. Maj\u0105c na uwadze bezpiecze\u0144stwo ca\u0142ej spo\u0142eczno\u015bci szkolnej oraz rekomendacje GIS, MZ oraz MEN, tego dnia nie spotkamy si\u0119 wszyscy o tej samej godzinie w dotychczas obowi\u0105zuj\u0105cej formule. Naszym celem &hellip; <a href=\"https:\/\/sp8tg.pl\/web\/zakonczenie-roku-szkolnego-2019-2020\/\" class=\"more-link\">Czytaj dalej<span class=\"screen-reader-text\"> \u201eZako\u0144czenie roku szkolnego 2019\/2020\u201d<\/span><\/a><\/p>\n","protected":false},"author":1,"featured_media":0,"comment_status":"closed","ping_status":"closed","sticky":false,"template":"","format":"standard","meta":{"ngg_post_thumbnail":0,"footnotes":""},"categories":[1],"tags":[],"_links":{"self":[{"href":"https:\/\/sp8tg.pl\/web\/wp-json\/wp\/v2\/posts\/12950"}],"collection":[{"href":"https:\/\/sp8tg.pl\/web\/wp-json\/wp\/v2\/posts"}],"about":[{"href":"https:\/\/sp8tg.pl\/web\/wp-json\/wp\/v2\/types\/post"}],"author":[{"embeddable":true,"href":"https:\/\/sp8tg.pl\/web\/wp-json\/wp\/v2\/users\/1"}],"replies":[{"embeddable":true,"href":"https:\/\/sp8tg.pl\/web\/wp-json\/wp\/v2\/comments?post=12950"}],"version-history":[{"count":2,"href":"https:\/\/sp8tg.pl\/web\/wp-json\/wp\/v2\/posts\/12950\/revisions"}],"predecessor-version":[{"id":12953,"href":"https:\/\/sp8tg.pl\/web\/wp-json\/wp\/v2\/posts\/12950\/revisions\/12953"}],"wp:attachment":[{"href":"https:\/\/sp8tg.pl\/web\/wp-json\/wp\/v2\/media?parent=12950"}],"wp:term":[{"taxonomy":"category","embeddable":true,"href":"https:\/\/sp8tg.pl\/web\/wp-json\/wp\/v2\/categories?post=12950"},{"taxonomy":"post_tag","embeddable":true,"href":"https:\/\/sp8tg.pl\/web\/wp-json\/wp\/v2\/tags?post=12950"}],"curies":[{"name":"wp","href":"https:\/\/api.w.org\/{rel}","templated":true}]}}