{"id":12941,"date":"2020-06-23T10:25:35","date_gmt":"2020-06-23T08:25:35","guid":{"rendered":"https:\/\/sp8tg.pl\/web\/?p=12941"},"modified":"2020-06-30T11:36:43","modified_gmt":"2020-06-30T09:36:43","slug":"informacja-dla-rodzicow-uczniow-klas-pierwszych-w-roku-szkolnym-2020-2021","status":"publish","type":"post","link":"https:\/\/sp8tg.pl\/web\/informacja-dla-rodzicow-uczniow-klas-pierwszych-w-roku-szkolnym-2020-2021\/","title":{"rendered":"Informacja dla Rodzic\u00f3w Uczni\u00f3w klas pierwszych w roku szkolnym 2020\/2021"},"content":{"rendered":"\n<div class=\"wp-block-image\"><figure class=\"aligncenter size-large is-resized\"><img loading=\"lazy\" decoding=\"async\" src=\"https:\/\/sp8tg.pl\/web\/wp-content\/uploads\/2020\/02\/logo-szko\u0142y-1024x550.png\" alt=\"\" class=\"wp-image-12306\" width=\"268\" height=\"143\" srcset=\"https:\/\/sp8tg.pl\/web\/wp-content\/uploads\/2020\/02\/logo-szko\u0142y-1024x550.png 1024w, https:\/\/sp8tg.pl\/web\/wp-content\/uploads\/2020\/02\/logo-szko\u0142y-300x161.png 300w, https:\/\/sp8tg.pl\/web\/wp-content\/uploads\/2020\/02\/logo-szko\u0142y-768x412.png 768w, https:\/\/sp8tg.pl\/web\/wp-content\/uploads\/2020\/02\/logo-szko\u0142y-1536x824.png 1536w, https:\/\/sp8tg.pl\/web\/wp-content\/uploads\/2020\/02\/logo-szko\u0142y-1200x644.png 1200w, https:\/\/sp8tg.pl\/web\/wp-content\/uploads\/2020\/02\/logo-szko\u0142y.png 1999w\" sizes=\"(max-width: 268px) 85vw, 268px\" \/><\/figure><\/div>\n\n\n\n<p><strong>Z uwagi na utrudnienia zwi\u0105zane z pandemi\u0105 i dostosowaniem si\u0119 do wytycznych G\u0142\u00f3wnego Inspektora Sanitarnego, spotkanie dyrekcji i nauczycieli z rodzicami przysz\u0142ych klas pierwszych nie odb\u0119dzie si\u0119 , jak wcze\u015bniej zaplanowano.<\/strong><\/p>\n\n\n\n<p><strong>Prosimy rodzic\u00f3w o zapoznanie si\u0119 z poni\u017cszymi informacjami. Wystarczy klikn\u0105\u0107 w link:<\/strong><\/p>\n\n\n\n<div class=\"wp-block-file\"><a href=\"https:\/\/sp8tg.pl\/web\/wp-content\/uploads\/2020\/06\/INFORMACJE-DLA-RODZIC\u00d3W-UCZNI\u00d3W-KLAS-PIERWSZYCH-2020-2021.pptx\">INFORMACJE-DLA-RODZIC\u00d3W-UCZNI\u00d3W-KLAS-PIERWSZYCH-2020-2021<\/a><a href=\"https:\/\/sp8tg.pl\/web\/wp-content\/uploads\/2020\/06\/INFORMACJE-DLA-RODZIC\u00d3W-UCZNI\u00d3W-KLAS-PIERWSZYCH-2020-2021.pptx\" class=\"wp-block-file__button\" download>Pobierz<\/a><\/div>\n\n\n\n<p>Zmiana wychowawc\u00f3w klas pierwszych:<\/p>\n\n\n\n<p><strong>klasa 1a &#8211; Jolanta W\u00f3jcik<\/strong><\/p>\n\n\n\n<p><strong>klasa 1b &#8211; Ma\u0142gorzata Jeglorz<\/strong><\/p>\n\n\n\n<p><strong>klasa 1c &#8211; Ma\u0142gorzata Kossakowska<\/strong><\/p>\n\n\n\n<div class=\"wp-block-file\"><a href=\"https:\/\/sp8tg.pl\/web\/wp-content\/uploads\/2020\/06\/Wyprawka-dla-pierwszoklasisty.pptx\">Wyprawka-dla-pierwszoklasisty<\/a><a href=\"https:\/\/sp8tg.pl\/web\/wp-content\/uploads\/2020\/06\/Wyprawka-dla-pierwszoklasisty.pptx\" class=\"wp-block-file__button\" download>Pobierz<\/a><\/div>\n\n\n\n<p><strong>do wydruku:<\/strong><\/p>\n\n\n\n<div class=\"wp-block-file\"><a href=\"https:\/\/sp8tg.pl\/web\/wp-content\/uploads\/2020\/06\/INFORMACJE-DLA-RODZIC\u00d3W-UCZNI\u00d3W-KLAS-PIERWSZYCH-2020-2021-1.pdf\">INFORMACJE-DLA-RODZIC\u00d3W-UCZNI\u00d3W-KLAS-PIERWSZYCH-2020-2021-1<\/a><a href=\"https:\/\/sp8tg.pl\/web\/wp-content\/uploads\/2020\/06\/INFORMACJE-DLA-RODZIC\u00d3W-UCZNI\u00d3W-KLAS-PIERWSZYCH-2020-2021-1.pdf\" class=\"wp-block-file__button\" download>Pobierz<\/a><\/div>\n\n\n\n<div class=\"wp-block-file\"><a href=\"https:\/\/sp8tg.pl\/web\/wp-content\/uploads\/2020\/06\/Wyprawka-dla-pierwszoklasisty.pdf\">Wyprawka-dla-pierwszoklasisty<\/a><a href=\"https:\/\/sp8tg.pl\/web\/wp-content\/uploads\/2020\/06\/Wyprawka-dla-pierwszoklasisty.pdf\" class=\"wp-block-file__button\" download>Pobierz<\/a><\/div>\n\n\n\n<div class=\"wp-block-file\"><a href=\"https:\/\/sp8tg.pl\/web\/wp-content\/uploads\/2020\/06\/O\u015aWIADCZENIE-RODZICA-obowi\u0105zek-szkolny.pdf\">O\u015aWIADCZENIE-RODZICA-obowi\u0105zek-szkolny<\/a><a href=\"https:\/\/sp8tg.pl\/web\/wp-content\/uploads\/2020\/06\/O\u015aWIADCZENIE-RODZICA-obowi\u0105zek-szkolny.pdf\" class=\"wp-block-file__button\" download>Pobierz<\/a><\/div>\n\n\n\n<div class=\"wp-block-image\"><figure class=\"aligncenter size-large is-resized\"><img loading=\"lazy\" decoding=\"async\" src=\"https:\/\/sp8tg.pl\/web\/wp-content\/uploads\/2019\/08\/obraz-1.png\" alt=\"\" class=\"wp-image-11168\" width=\"477\" height=\"318\" srcset=\"https:\/\/sp8tg.pl\/web\/wp-content\/uploads\/2019\/08\/obraz-1.png 960w, https:\/\/sp8tg.pl\/web\/wp-content\/uploads\/2019\/08\/obraz-1-300x200.png 300w, https:\/\/sp8tg.pl\/web\/wp-content\/uploads\/2019\/08\/obraz-1-768x512.png 768w\" sizes=\"(max-width: 477px) 85vw, 477px\" \/><\/figure><\/div>\n","protected":false},"excerpt":{"rendered":"<p>Z uwagi na utrudnienia zwi\u0105zane z pandemi\u0105 i dostosowaniem si\u0119 do wytycznych G\u0142\u00f3wnego Inspektora Sanitarnego, spotkanie dyrekcji i nauczycieli z rodzicami przysz\u0142ych klas pierwszych nie odb\u0119dzie si\u0119 , jak wcze\u015bniej zaplanowano. Prosimy rodzic\u00f3w o zapoznanie si\u0119 z poni\u017cszymi informacjami. Wystarczy klikn\u0105\u0107 w link: Zmiana wychowawc\u00f3w klas pierwszych: klasa 1a &#8211; Jolanta W\u00f3jcik klasa 1b &#8211; &hellip; <a href=\"https:\/\/sp8tg.pl\/web\/informacja-dla-rodzicow-uczniow-klas-pierwszych-w-roku-szkolnym-2020-2021\/\" class=\"more-link\">Czytaj dalej<span class=\"screen-reader-text\"> \u201eInformacja dla Rodzic\u00f3w Uczni\u00f3w klas pierwszych w roku szkolnym 2020\/2021\u201d<\/span><\/a><\/p>\n","protected":false},"author":1,"featured_media":0,"comment_status":"closed","ping_status":"closed","sticky":false,"template":"","format":"standard","meta":{"ngg_post_thumbnail":0,"footnotes":""},"categories":[1],"tags":[],"_links":{"self":[{"href":"https:\/\/sp8tg.pl\/web\/wp-json\/wp\/v2\/posts\/12941"}],"collection":[{"href":"https:\/\/sp8tg.pl\/web\/wp-json\/wp\/v2\/posts"}],"about":[{"href":"https:\/\/sp8tg.pl\/web\/wp-json\/wp\/v2\/types\/post"}],"author":[{"embeddable":true,"href":"https:\/\/sp8tg.pl\/web\/wp-json\/wp\/v2\/users\/1"}],"replies":[{"embeddable":true,"href":"https:\/\/sp8tg.pl\/web\/wp-json\/wp\/v2\/comments?post=12941"}],"version-history":[{"count":7,"href":"https:\/\/sp8tg.pl\/web\/wp-json\/wp\/v2\/posts\/12941\/revisions"}],"predecessor-version":[{"id":12977,"href":"https:\/\/sp8tg.pl\/web\/wp-json\/wp\/v2\/posts\/12941\/revisions\/12977"}],"wp:attachment":[{"href":"https:\/\/sp8tg.pl\/web\/wp-json\/wp\/v2\/media?parent=12941"}],"wp:term":[{"taxonomy":"category","embeddable":true,"href":"https:\/\/sp8tg.pl\/web\/wp-json\/wp\/v2\/categories?post=12941"},{"taxonomy":"post_tag","embeddable":true,"href":"https:\/\/sp8tg.pl\/web\/wp-json\/wp\/v2\/tags?post=12941"}],"curies":[{"name":"wp","href":"https:\/\/api.w.org\/{rel}","templated":true}]}}