{"id":12925,"date":"2020-06-16T14:06:28","date_gmt":"2020-06-16T12:06:28","guid":{"rendered":"https:\/\/sp8tg.pl\/web\/?p=12925"},"modified":"2020-06-16T14:17:54","modified_gmt":"2020-06-16T12:17:54","slug":"powiatowy-przeglad-filmow-ekologicznych","status":"publish","type":"post","link":"https:\/\/sp8tg.pl\/web\/powiatowy-przeglad-filmow-ekologicznych\/","title":{"rendered":"Powiatowy Przegl\u0105d Film\u00f3w Ekologicznych."},"content":{"rendered":"\n<div class=\"wp-block-image\"><figure class=\"aligncenter size-large is-resized\"><img loading=\"lazy\" decoding=\"async\" src=\"https:\/\/sp8tg.pl\/web\/wp-content\/uploads\/2018\/08\/eko.png\" alt=\"\" class=\"wp-image-8784\" width=\"213\" height=\"141\" srcset=\"https:\/\/sp8tg.pl\/web\/wp-content\/uploads\/2018\/08\/eko.png 960w, https:\/\/sp8tg.pl\/web\/wp-content\/uploads\/2018\/08\/eko-300x200.png 300w, https:\/\/sp8tg.pl\/web\/wp-content\/uploads\/2018\/08\/eko-768x512.png 768w\" sizes=\"(max-width: 213px) 85vw, 213px\" \/><\/figure><\/div>\n\n\n\n<p><strong>Uczniowie naszej wzi\u0119li udzia\u0142 w konkursach towarzysz\u0105cych Powiatowemu Przegl\u0105dowi Film\u00f3w Ekologicznych.<\/strong><\/p>\n\n\n\n<p><strong>Konkurs na wykonanie domku\/hotelu dla pszcz\u00f3\u0142 &#8211; klasy I-VIII<\/strong><br>wyr\u00f3\u017cnienie: <strong>Krzysztof Huras<\/strong> &#8211; ucze\u0144 klasy 3b<br><strong>Konkurs na wykonanie pracy plastycznej<\/strong><br>\u201eW sercu lasu\u201d &#8211; klasy I-III<br>I miejsce &#8211; <strong>Emilia Michlowicz <\/strong>&#8211; uczennica klasy 3b<\/p>\n\n\n\n<p><br><strong>Bardzo dzi\u0119kujemy wszystkim uczestnikom oraz ich opiekunom za nades\u0142anie prac konkursowych. Wr\u0119czanie nagr\u00f3d oraz dyplom\u00f3w nast\u0105pi we wrze\u015bniu. O terminie uroczysto\u015bci powiadomimy w p\u00f3\u017aniejszym terminie.<\/strong><\/p>\n\n\n\n<p class=\"has-text-align-center\"><strong>GRATULUJEMY \ud83d\ude42<\/strong><\/p>\n","protected":false},"excerpt":{"rendered":"<p>Uczniowie naszej wzi\u0119li udzia\u0142 w konkursach towarzysz\u0105cych Powiatowemu Przegl\u0105dowi Film\u00f3w Ekologicznych. Konkurs na wykonanie domku\/hotelu dla pszcz\u00f3\u0142 &#8211; klasy I-VIIIwyr\u00f3\u017cnienie: Krzysztof Huras &#8211; ucze\u0144 klasy 3bKonkurs na wykonanie pracy plastycznej\u201eW sercu lasu\u201d &#8211; klasy I-IIII miejsce &#8211; Emilia Michlowicz &#8211; uczennica klasy 3b Bardzo dzi\u0119kujemy wszystkim uczestnikom oraz ich opiekunom za nades\u0142anie prac konkursowych. Wr\u0119czanie &hellip; <a href=\"https:\/\/sp8tg.pl\/web\/powiatowy-przeglad-filmow-ekologicznych\/\" class=\"more-link\">Czytaj dalej<span class=\"screen-reader-text\"> \u201ePowiatowy Przegl\u0105d Film\u00f3w Ekologicznych.\u201d<\/span><\/a><\/p>\n","protected":false},"author":1,"featured_media":0,"comment_status":"closed","ping_status":"closed","sticky":false,"template":"","format":"standard","meta":{"ngg_post_thumbnail":0,"footnotes":""},"categories":[1],"tags":[],"_links":{"self":[{"href":"https:\/\/sp8tg.pl\/web\/wp-json\/wp\/v2\/posts\/12925"}],"collection":[{"href":"https:\/\/sp8tg.pl\/web\/wp-json\/wp\/v2\/posts"}],"about":[{"href":"https:\/\/sp8tg.pl\/web\/wp-json\/wp\/v2\/types\/post"}],"author":[{"embeddable":true,"href":"https:\/\/sp8tg.pl\/web\/wp-json\/wp\/v2\/users\/1"}],"replies":[{"embeddable":true,"href":"https:\/\/sp8tg.pl\/web\/wp-json\/wp\/v2\/comments?post=12925"}],"version-history":[{"count":3,"href":"https:\/\/sp8tg.pl\/web\/wp-json\/wp\/v2\/posts\/12925\/revisions"}],"predecessor-version":[{"id":12928,"href":"https:\/\/sp8tg.pl\/web\/wp-json\/wp\/v2\/posts\/12925\/revisions\/12928"}],"wp:attachment":[{"href":"https:\/\/sp8tg.pl\/web\/wp-json\/wp\/v2\/media?parent=12925"}],"wp:term":[{"taxonomy":"category","embeddable":true,"href":"https:\/\/sp8tg.pl\/web\/wp-json\/wp\/v2\/categories?post=12925"},{"taxonomy":"post_tag","embeddable":true,"href":"https:\/\/sp8tg.pl\/web\/wp-json\/wp\/v2\/tags?post=12925"}],"curies":[{"name":"wp","href":"https:\/\/api.w.org\/{rel}","templated":true}]}}