{"id":12676,"date":"2020-04-02T10:57:39","date_gmt":"2020-04-02T08:57:39","guid":{"rendered":"http:\/\/sp8tg.pl\/web\/?p=12676"},"modified":"2020-04-08T07:46:39","modified_gmt":"2020-04-08T05:46:39","slug":"uwaga-uczniowie-konkurs","status":"publish","type":"post","link":"https:\/\/sp8tg.pl\/web\/uwaga-uczniowie-konkurs\/","title":{"rendered":"UWAGA UCZNIOWIE &#8211; KONKURS :)"},"content":{"rendered":"\n<p><strong> Kochani Uczniowie! <br> <br>Chcemy Was zach\u0119ci\u0107 do udzia\u0142u w og\u00f3lnopolskiej akcji &#8221; KARTKA DLA  MEDYKA&#8221; organizowanej przez portal Specjalni.pl. <br> <br>Polega ona na narysowaniu , namalowaniu (technika dowolna)  kartki\/rysunku z \u017cyczeniami i podzi\u0119kowaniami dla medyka. <br> <br> <br>Podzi\u0119kujemy im za trudn\u0105 prac\u0119. Wyrazimy wdzi\u0119czno\u015b\u0107 za to, \u017ce troszcz\u0105  si\u0119 o nasze zdrowie i bezpiecze\u0144stwo. <br> <br> <br>W naszej szkole akcja b\u0119dzie trwa\u0142a do \u015brody 8.04. Do tego&nbsp; dnia  (w\u0142\u0105cznie) przysy\u0142ajcie zdj\u0119cia Waszych kartek na adres : sekretariat@sp8tg.pl<br> <br>Opublikujemy je na naszej stronie internetowej i szkolnym fb \ud83d\ude42 <br> <br>Pozdrawiamy Was ! <\/strong><\/p>\n\n\n\n<div class=\"wp-block-image\"><figure class=\"aligncenter size-large\"><img loading=\"lazy\" decoding=\"async\" width=\"640\" height=\"320\" src=\"http:\/\/sp8tg.pl\/web\/wp-content\/uploads\/2020\/04\/kartka-.jpg\" alt=\"\" class=\"wp-image-12677\" srcset=\"https:\/\/sp8tg.pl\/web\/wp-content\/uploads\/2020\/04\/kartka-.jpg 640w, https:\/\/sp8tg.pl\/web\/wp-content\/uploads\/2020\/04\/kartka--300x150.jpg 300w\" sizes=\"(max-width: 709px) 85vw, (max-width: 909px) 67vw, (max-width: 984px) 61vw, (max-width: 1362px) 45vw, 600px\" \/><\/figure><\/div>\n\n\n\n<div class=\"wp-block-image\"><figure class=\"aligncenter size-large is-resized\"><img loading=\"lazy\" decoding=\"async\" src=\"http:\/\/sp8tg.pl\/web\/wp-content\/uploads\/2020\/04\/kon1a-757x1024.jpg\" alt=\"\" class=\"wp-image-12691\" width=\"371\" height=\"501\" srcset=\"https:\/\/sp8tg.pl\/web\/wp-content\/uploads\/2020\/04\/kon1a-757x1024.jpg 757w, https:\/\/sp8tg.pl\/web\/wp-content\/uploads\/2020\/04\/kon1a-222x300.jpg 222w, https:\/\/sp8tg.pl\/web\/wp-content\/uploads\/2020\/04\/kon1a-768x1038.jpg 768w, https:\/\/sp8tg.pl\/web\/wp-content\/uploads\/2020\/04\/kon1a-1136x1536.jpg 1136w, https:\/\/sp8tg.pl\/web\/wp-content\/uploads\/2020\/04\/kon1a-1515x2048.jpg 1515w, https:\/\/sp8tg.pl\/web\/wp-content\/uploads\/2020\/04\/kon1a-1200x1622.jpg 1200w, https:\/\/sp8tg.pl\/web\/wp-content\/uploads\/2020\/04\/kon1a-scaled.jpg 1893w\" sizes=\"(max-width: 371px) 85vw, 371px\" \/><\/figure><\/div>\n","protected":false},"excerpt":{"rendered":"<p>Kochani Uczniowie! Chcemy Was zach\u0119ci\u0107 do udzia\u0142u w og\u00f3lnopolskiej akcji &#8221; KARTKA DLA MEDYKA&#8221; organizowanej przez portal Specjalni.pl. Polega ona na narysowaniu , namalowaniu (technika dowolna) kartki\/rysunku z \u017cyczeniami i podzi\u0119kowaniami dla medyka. Podzi\u0119kujemy im za trudn\u0105 prac\u0119. Wyrazimy wdzi\u0119czno\u015b\u0107 za to, \u017ce troszcz\u0105 si\u0119 o nasze zdrowie i bezpiecze\u0144stwo. W naszej szkole akcja b\u0119dzie &hellip; <a href=\"https:\/\/sp8tg.pl\/web\/uwaga-uczniowie-konkurs\/\" class=\"more-link\">Czytaj dalej<span class=\"screen-reader-text\"> \u201eUWAGA UCZNIOWIE &#8211; KONKURS :)\u201d<\/span><\/a><\/p>\n","protected":false},"author":1,"featured_media":0,"comment_status":"closed","ping_status":"closed","sticky":false,"template":"","format":"standard","meta":{"ngg_post_thumbnail":0,"footnotes":""},"categories":[1],"tags":[],"_links":{"self":[{"href":"https:\/\/sp8tg.pl\/web\/wp-json\/wp\/v2\/posts\/12676"}],"collection":[{"href":"https:\/\/sp8tg.pl\/web\/wp-json\/wp\/v2\/posts"}],"about":[{"href":"https:\/\/sp8tg.pl\/web\/wp-json\/wp\/v2\/types\/post"}],"author":[{"embeddable":true,"href":"https:\/\/sp8tg.pl\/web\/wp-json\/wp\/v2\/users\/1"}],"replies":[{"embeddable":true,"href":"https:\/\/sp8tg.pl\/web\/wp-json\/wp\/v2\/comments?post=12676"}],"version-history":[{"count":2,"href":"https:\/\/sp8tg.pl\/web\/wp-json\/wp\/v2\/posts\/12676\/revisions"}],"predecessor-version":[{"id":12692,"href":"https:\/\/sp8tg.pl\/web\/wp-json\/wp\/v2\/posts\/12676\/revisions\/12692"}],"wp:attachment":[{"href":"https:\/\/sp8tg.pl\/web\/wp-json\/wp\/v2\/media?parent=12676"}],"wp:term":[{"taxonomy":"category","embeddable":true,"href":"https:\/\/sp8tg.pl\/web\/wp-json\/wp\/v2\/categories?post=12676"},{"taxonomy":"post_tag","embeddable":true,"href":"https:\/\/sp8tg.pl\/web\/wp-json\/wp\/v2\/tags?post=12676"}],"curies":[{"name":"wp","href":"https:\/\/api.w.org\/{rel}","templated":true}]}}