{"id":12129,"date":"2020-01-13T10:06:31","date_gmt":"2020-01-13T09:06:31","guid":{"rendered":"http:\/\/sp8tg.pl\/web\/?p=12129"},"modified":"2020-01-13T10:09:32","modified_gmt":"2020-01-13T09:09:32","slug":"zyczenia-na-udane-i-bezpieczne-ferie","status":"publish","type":"post","link":"https:\/\/sp8tg.pl\/web\/zyczenia-na-udane-i-bezpieczne-ferie\/","title":{"rendered":"\u017byczenia na udane i bezpieczne ferie :)"},"content":{"rendered":"\n<p><strong>Drodzy Uczniowie i Nauczyciele! <\/strong><\/p>\n\n\n\n<p><strong>Nadszed\u0142 czas zas\u0142u\u017conych ferii zimowych<\/strong> \ud83d\ude42<\/p>\n\n\n\n<p><strong>Z okazji ferii zimowych, \u017cycz\u0119 Wam, drodzy Uczniowie, bezpiecznego i   radosnego wypoczynku. Niech ten wspania\u0142y czas dostarczy niezapomnianych wra\u017ce\u0144 i wielu ciekawych prze\u017cy\u0107. Odpoczywajcie, cieszcie si\u0119 swobod\u0105, przygodami, poznawaniem nowych miejsc i ludzi. Jednak prosz\u0119, by nigdy nie opuszcza\u0142 Was zdrowy rozs\u0105dek, aby\u015bcie w czasie ferii dbali o bezpiecze\u0144stwo swoje oraz os\u00f3b towarzysz\u0105cych i nie podejmowali dzia\u0142a\u0144 zagra\u017caj\u0105cych \u017cyciu lub zdrowiu.  Dobrze odpocznijcie, by nabra\u0107 si\u0142y i motywacj\u0119 do dalszej nauki w nowym  p\u00f3\u0142roczu.<\/strong> <\/p>\n\n\n\n<p><strong>Nauczycielom i Pracownikom obs\u0142ugi dzi\u0119kuj\u0119 za dobrze spe\u0142nione obowi\u0105zki i r\u00f3wnie\u017c \u017cycz\u0119 mi\u0142ego odpoczynku.<\/strong><\/p>\n\n\n\n<p><strong>Wszystkim \u017cycz\u0119 bezpiecznych, pi\u0119knych i niezapomnianych ferii.<\/strong><\/p>\n\n\n\n<figure class=\"wp-block-image size-large\"><img loading=\"lazy\" decoding=\"async\" width=\"626\" height=\"626\" src=\"http:\/\/sp8tg.pl\/web\/wp-content\/uploads\/2020\/01\/ferie-1.jpg\" alt=\"\" class=\"wp-image-12130\" srcset=\"https:\/\/sp8tg.pl\/web\/wp-content\/uploads\/2020\/01\/ferie-1.jpg 626w, https:\/\/sp8tg.pl\/web\/wp-content\/uploads\/2020\/01\/ferie-1-300x300.jpg 300w, https:\/\/sp8tg.pl\/web\/wp-content\/uploads\/2020\/01\/ferie-1-150x150.jpg 150w\" sizes=\"(max-width: 709px) 85vw, (max-width: 909px) 67vw, (max-width: 984px) 61vw, (max-width: 1362px) 45vw, 600px\" \/><\/figure>\n\n\n\n<p>                                 <strong>Beata Drzewiecka &#8211; dyrektor szko\u0142y \ud83d\ude42<\/strong><\/p>\n","protected":false},"excerpt":{"rendered":"<p>Drodzy Uczniowie i Nauczyciele! Nadszed\u0142 czas zas\u0142u\u017conych ferii zimowych \ud83d\ude42 Z okazji ferii zimowych, \u017cycz\u0119 Wam, drodzy Uczniowie, bezpiecznego i radosnego wypoczynku. Niech ten wspania\u0142y czas dostarczy niezapomnianych wra\u017ce\u0144 i wielu ciekawych prze\u017cy\u0107. Odpoczywajcie, cieszcie si\u0119 swobod\u0105, przygodami, poznawaniem nowych miejsc i ludzi. Jednak prosz\u0119, by nigdy nie opuszcza\u0142 Was zdrowy rozs\u0105dek, aby\u015bcie w czasie &hellip; <a href=\"https:\/\/sp8tg.pl\/web\/zyczenia-na-udane-i-bezpieczne-ferie\/\" class=\"more-link\">Czytaj dalej<span class=\"screen-reader-text\"> \u201e\u017byczenia na udane i bezpieczne ferie :)\u201d<\/span><\/a><\/p>\n","protected":false},"author":1,"featured_media":0,"comment_status":"closed","ping_status":"closed","sticky":false,"template":"","format":"standard","meta":{"ngg_post_thumbnail":0,"footnotes":""},"categories":[1],"tags":[],"_links":{"self":[{"href":"https:\/\/sp8tg.pl\/web\/wp-json\/wp\/v2\/posts\/12129"}],"collection":[{"href":"https:\/\/sp8tg.pl\/web\/wp-json\/wp\/v2\/posts"}],"about":[{"href":"https:\/\/sp8tg.pl\/web\/wp-json\/wp\/v2\/types\/post"}],"author":[{"embeddable":true,"href":"https:\/\/sp8tg.pl\/web\/wp-json\/wp\/v2\/users\/1"}],"replies":[{"embeddable":true,"href":"https:\/\/sp8tg.pl\/web\/wp-json\/wp\/v2\/comments?post=12129"}],"version-history":[{"count":3,"href":"https:\/\/sp8tg.pl\/web\/wp-json\/wp\/v2\/posts\/12129\/revisions"}],"predecessor-version":[{"id":12133,"href":"https:\/\/sp8tg.pl\/web\/wp-json\/wp\/v2\/posts\/12129\/revisions\/12133"}],"wp:attachment":[{"href":"https:\/\/sp8tg.pl\/web\/wp-json\/wp\/v2\/media?parent=12129"}],"wp:term":[{"taxonomy":"category","embeddable":true,"href":"https:\/\/sp8tg.pl\/web\/wp-json\/wp\/v2\/categories?post=12129"},{"taxonomy":"post_tag","embeddable":true,"href":"https:\/\/sp8tg.pl\/web\/wp-json\/wp\/v2\/tags?post=12129"}],"curies":[{"name":"wp","href":"https:\/\/api.w.org\/{rel}","templated":true}]}}