{"id":12123,"date":"2020-01-08T12:19:51","date_gmt":"2020-01-08T11:19:51","guid":{"rendered":"http:\/\/sp8tg.pl\/web\/?p=12123"},"modified":"2020-01-08T12:19:51","modified_gmt":"2020-01-08T11:19:51","slug":"bezplatne-przejazdy-koleja-w-czasie-ferii","status":"publish","type":"post","link":"https:\/\/sp8tg.pl\/web\/bezplatne-przejazdy-koleja-w-czasie-ferii\/","title":{"rendered":"Bezp\u0142atne przejazdy kolej\u0105 w czasie ferii"},"content":{"rendered":"\n<p><strong>Promocja dotyczy zar\u00f3wno uczni\u00f3w szk\u00f3\u0142 podstawowych, jak i  gimnazjalnych, licealnych, technik\u00f3w i szk\u00f3\u0142 bran\u017cowych. <\/strong> <\/p>\n\n\n\n<p><strong>Oferta obowi\u0105zuje od 9 do 24 lutego br., czyli w czasie ferii uczni\u00f3w z  wojew\u00f3dztwa \u015bl\u0105skiego. Aby w tym czasie za darmo podr\u00f3\u017cowa\u0107 poci\u0105gami  Kolei \u015al\u0105skich, wystarczy podczas kontroli zamiast biletu okaza\u0107 wa\u017cn\u0105  legitymacj\u0119 szkoln\u0105 lub \u2013 w przypadku dzieci w wieku przedszkolnym \u2013  dokument potwierdzaj\u0105cy wiek. Warto pami\u0119ta\u0107, \u017ce dzieci do czwartego  roku \u017cycia podr\u00f3\u017cuj\u0105 Kolejami \u015al\u0105skimi bezp\u0142atnie przez ca\u0142y rok. <\/strong> <\/p>\n\n\n\n<p><strong>Promocja dotyczy zar\u00f3wno uczni\u00f3w szk\u00f3\u0142 podstawowych, jak i  gimnazjalnych, licealnych, technik\u00f3w i szk\u00f3\u0142 bran\u017cowych. <\/strong><\/p>\n\n\n\n<figure class=\"wp-block-embed-wordpress wp-block-embed is-type-wp-embed is-provider-koleje-slaskie-regionalny-przewoznik-kolejowy\"><div class=\"wp-block-embed__wrapper\">\n<blockquote class=\"wp-embedded-content\" data-secret=\"rEVlezSKcQ\"><a href=\"https:\/\/www.kolejeslaskie.com\/kolej-na-ferie-bezplatne-przejazdy-dla-dzieci-i-mlodziezy\/\">Kolej na ferie! &#8211; bezp\u0142atne przejazdy dla dzieci i m\u0142odzie\u017cy<\/a><\/blockquote><iframe title=\"&#8222;Kolej na ferie! &#8211; bezp\u0142atne przejazdy dla dzieci i m\u0142odzie\u017cy&#8221; &#8212; Koleje \u015al\u0105skie - regionalny przewo\u017anik kolejowy\" class=\"wp-embedded-content\" sandbox=\"allow-scripts\" security=\"restricted\" style=\"position: absolute; clip: rect(1px, 1px, 1px, 1px);\" src=\"https:\/\/www.kolejeslaskie.com\/kolej-na-ferie-bezplatne-przejazdy-dla-dzieci-i-mlodziezy\/embed\/#?secret=rEVlezSKcQ\" data-secret=\"rEVlezSKcQ\" width=\"600\" height=\"338\" frameborder=\"0\" marginwidth=\"0\" marginheight=\"0\" scrolling=\"no\"><\/iframe>\n<\/div><\/figure>\n\n\n\n<div class=\"wp-block-image\"><figure class=\"aligncenter size-large is-resized\"><img loading=\"lazy\" decoding=\"async\" src=\"http:\/\/sp8tg.pl\/web\/wp-content\/uploads\/2020\/01\/obraz-724x1024.png\" alt=\"\" class=\"wp-image-12124\" width=\"458\" height=\"648\" srcset=\"https:\/\/sp8tg.pl\/web\/wp-content\/uploads\/2020\/01\/obraz-724x1024.png 724w, https:\/\/sp8tg.pl\/web\/wp-content\/uploads\/2020\/01\/obraz-212x300.png 212w, https:\/\/sp8tg.pl\/web\/wp-content\/uploads\/2020\/01\/obraz-768x1086.png 768w, https:\/\/sp8tg.pl\/web\/wp-content\/uploads\/2020\/01\/obraz.png 842w\" sizes=\"(max-width: 458px) 85vw, 458px\" \/><\/figure><\/div>\n\n\n\n<div class=\"wp-block-image\"><figure class=\"aligncenter size-large is-resized\"><img loading=\"lazy\" decoding=\"async\" src=\"http:\/\/sp8tg.pl\/web\/wp-content\/uploads\/2020\/01\/obraz-1-1024x768.png\" alt=\"\" class=\"wp-image-12125\" width=\"478\" height=\"359\" srcset=\"https:\/\/sp8tg.pl\/web\/wp-content\/uploads\/2020\/01\/obraz-1-1024x768.png 1024w, https:\/\/sp8tg.pl\/web\/wp-content\/uploads\/2020\/01\/obraz-1-300x225.png 300w, https:\/\/sp8tg.pl\/web\/wp-content\/uploads\/2020\/01\/obraz-1-768x576.png 768w, https:\/\/sp8tg.pl\/web\/wp-content\/uploads\/2020\/01\/obraz-1.png 1200w\" sizes=\"(max-width: 478px) 85vw, 478px\" \/><\/figure><\/div>\n","protected":false},"excerpt":{"rendered":"<p>Promocja dotyczy zar\u00f3wno uczni\u00f3w szk\u00f3\u0142 podstawowych, jak i gimnazjalnych, licealnych, technik\u00f3w i szk\u00f3\u0142 bran\u017cowych. Oferta obowi\u0105zuje od 9 do 24 lutego br., czyli w czasie ferii uczni\u00f3w z wojew\u00f3dztwa \u015bl\u0105skiego. Aby w tym czasie za darmo podr\u00f3\u017cowa\u0107 poci\u0105gami Kolei \u015al\u0105skich, wystarczy podczas kontroli zamiast biletu okaza\u0107 wa\u017cn\u0105 legitymacj\u0119 szkoln\u0105 lub \u2013 w przypadku dzieci w &hellip; <a href=\"https:\/\/sp8tg.pl\/web\/bezplatne-przejazdy-koleja-w-czasie-ferii\/\" class=\"more-link\">Czytaj dalej<span class=\"screen-reader-text\"> \u201eBezp\u0142atne przejazdy kolej\u0105 w czasie ferii\u201d<\/span><\/a><\/p>\n","protected":false},"author":1,"featured_media":0,"comment_status":"closed","ping_status":"closed","sticky":false,"template":"","format":"standard","meta":{"ngg_post_thumbnail":0,"footnotes":""},"categories":[1],"tags":[],"_links":{"self":[{"href":"https:\/\/sp8tg.pl\/web\/wp-json\/wp\/v2\/posts\/12123"}],"collection":[{"href":"https:\/\/sp8tg.pl\/web\/wp-json\/wp\/v2\/posts"}],"about":[{"href":"https:\/\/sp8tg.pl\/web\/wp-json\/wp\/v2\/types\/post"}],"author":[{"embeddable":true,"href":"https:\/\/sp8tg.pl\/web\/wp-json\/wp\/v2\/users\/1"}],"replies":[{"embeddable":true,"href":"https:\/\/sp8tg.pl\/web\/wp-json\/wp\/v2\/comments?post=12123"}],"version-history":[{"count":2,"href":"https:\/\/sp8tg.pl\/web\/wp-json\/wp\/v2\/posts\/12123\/revisions"}],"predecessor-version":[{"id":12128,"href":"https:\/\/sp8tg.pl\/web\/wp-json\/wp\/v2\/posts\/12123\/revisions\/12128"}],"wp:attachment":[{"href":"https:\/\/sp8tg.pl\/web\/wp-json\/wp\/v2\/media?parent=12123"}],"wp:term":[{"taxonomy":"category","embeddable":true,"href":"https:\/\/sp8tg.pl\/web\/wp-json\/wp\/v2\/categories?post=12123"},{"taxonomy":"post_tag","embeddable":true,"href":"https:\/\/sp8tg.pl\/web\/wp-json\/wp\/v2\/tags?post=12123"}],"curies":[{"name":"wp","href":"https:\/\/api.w.org\/{rel}","templated":true}]}}