{"id":12011,"date":"2019-12-20T08:36:30","date_gmt":"2019-12-20T07:36:30","guid":{"rendered":"http:\/\/sp8tg.pl\/web\/?p=12011"},"modified":"2019-12-20T13:45:07","modified_gmt":"2019-12-20T12:45:07","slug":"zyczenia-swiateczne-3","status":"publish","type":"post","link":"https:\/\/sp8tg.pl\/web\/zyczenia-swiateczne-3\/","title":{"rendered":"\u017byczenia \u015bwi\u0105teczne :)"},"content":{"rendered":"\n<div class=\"wp-block-image\"><figure class=\"aligncenter size-large is-resized\"><img loading=\"lazy\" decoding=\"async\" src=\"http:\/\/sp8tg.pl\/web\/wp-content\/uploads\/2019\/12\/\u017cyczenia-strona-intern.-1024x741.jpg\" alt=\"\" class=\"wp-image-12012\" width=\"638\" height=\"461\" srcset=\"https:\/\/sp8tg.pl\/web\/wp-content\/uploads\/2019\/12\/\u017cyczenia-strona-intern.-1024x741.jpg 1024w, https:\/\/sp8tg.pl\/web\/wp-content\/uploads\/2019\/12\/\u017cyczenia-strona-intern.-300x217.jpg 300w, https:\/\/sp8tg.pl\/web\/wp-content\/uploads\/2019\/12\/\u017cyczenia-strona-intern.-768x556.jpg 768w, https:\/\/sp8tg.pl\/web\/wp-content\/uploads\/2019\/12\/\u017cyczenia-strona-intern.-1536x1112.jpg 1536w, https:\/\/sp8tg.pl\/web\/wp-content\/uploads\/2019\/12\/\u017cyczenia-strona-intern.-2048x1483.jpg 2048w, https:\/\/sp8tg.pl\/web\/wp-content\/uploads\/2019\/12\/\u017cyczenia-strona-intern.-1200x869.jpg 1200w\" sizes=\"(max-width: 709px) 85vw, (max-width: 909px) 67vw, (max-width: 984px) 61vw, (max-width: 1362px) 45vw, 600px\" \/><\/figure><\/div>\n\n\n\n<div class=\"wp-block-image\"><figure class=\"aligncenter size-large is-resized\"><img loading=\"lazy\" decoding=\"async\" src=\"http:\/\/sp8tg.pl\/web\/wp-content\/uploads\/2018\/12\/mik4.png\" alt=\"\" class=\"wp-image-10054\" width=\"293\" height=\"286\" srcset=\"https:\/\/sp8tg.pl\/web\/wp-content\/uploads\/2018\/12\/mik4.png 736w, https:\/\/sp8tg.pl\/web\/wp-content\/uploads\/2018\/12\/mik4-300x293.png 300w\" sizes=\"(max-width: 293px) 85vw, 293px\" \/><\/figure><\/div>\n\n\n\n<p class=\"has-text-align-center\"><strong>Przypomina si\u0119, \u017ce zimowa przerwa \u015bwi\u0105teczna trwa od 23 grudnia 2019 r. do 6 stycznia 2020 r. Do szko\u0142y wracamy dnia 7 stycznia 2020 r. (we wtorek).<\/strong><\/p>\n","protected":false},"excerpt":{"rendered":"<p>Przypomina si\u0119, \u017ce zimowa przerwa \u015bwi\u0105teczna trwa od 23 grudnia 2019 r. do 6 stycznia 2020 r. Do szko\u0142y wracamy dnia 7 stycznia 2020 r. (we wtorek).<\/p>\n","protected":false},"author":1,"featured_media":0,"comment_status":"closed","ping_status":"closed","sticky":false,"template":"","format":"standard","meta":{"ngg_post_thumbnail":0,"footnotes":""},"categories":[1],"tags":[],"_links":{"self":[{"href":"https:\/\/sp8tg.pl\/web\/wp-json\/wp\/v2\/posts\/12011"}],"collection":[{"href":"https:\/\/sp8tg.pl\/web\/wp-json\/wp\/v2\/posts"}],"about":[{"href":"https:\/\/sp8tg.pl\/web\/wp-json\/wp\/v2\/types\/post"}],"author":[{"embeddable":true,"href":"https:\/\/sp8tg.pl\/web\/wp-json\/wp\/v2\/users\/1"}],"replies":[{"embeddable":true,"href":"https:\/\/sp8tg.pl\/web\/wp-json\/wp\/v2\/comments?post=12011"}],"version-history":[{"count":3,"href":"https:\/\/sp8tg.pl\/web\/wp-json\/wp\/v2\/posts\/12011\/revisions"}],"predecessor-version":[{"id":12017,"href":"https:\/\/sp8tg.pl\/web\/wp-json\/wp\/v2\/posts\/12011\/revisions\/12017"}],"wp:attachment":[{"href":"https:\/\/sp8tg.pl\/web\/wp-json\/wp\/v2\/media?parent=12011"}],"wp:term":[{"taxonomy":"category","embeddable":true,"href":"https:\/\/sp8tg.pl\/web\/wp-json\/wp\/v2\/categories?post=12011"},{"taxonomy":"post_tag","embeddable":true,"href":"https:\/\/sp8tg.pl\/web\/wp-json\/wp\/v2\/tags?post=12011"}],"curies":[{"name":"wp","href":"https:\/\/api.w.org\/{rel}","templated":true}]}}